{"id":93525,"date":"2016-11-02T14:57:02","date_gmt":"2016-11-02T12:57:02","guid":{"rendered":"http:\/\/www.sana.sy\/tr\/?p=93525"},"modified":"2016-11-03T17:27:58","modified_gmt":"2016-11-03T15:27:58","slug":"kendilerine-ait-olmayan-bir-seyi-onu-hakketmeyenlere-verdiler","status":"publish","type":"post","link":"https:\/\/archive.sana.sy\/tr\/?p=93525","title":{"rendered":"Kendilerine Ait Olmayan Bir \u015eeyi Onu Hakketmeyenlere Verdiler"},"content":{"rendered":"<p>\u015eAM \u2013 Halk Meclisi Ba\u015fkan\u0131 Hediye Abbas ac\u0131 y\u0131ld\u00f6n\u00fcm\u00fc bug\u00fcne denk d\u00fc\u015fen ve siyonistlere Filistin topraklar\u0131 \u00fczerinde s\u00f6zde milli bir vatan kurma olana\u011f\u0131 sa\u011flayan Balfour Deklarasyonunun hi\u00e7bir kanuni ya da ahlaki temele dayanmad\u0131\u011f\u0131n\u0131n alt\u0131n\u0131 \u00e7izdi.<\/p>\n<p>U\u011fursuz Balfour Deklarasyonunun 99 ac\u0131 y\u0131ld\u00f6n\u00fcm\u00fc m\u00fcnasebetiyle Halk Meclisinin yay\u0131nlad\u0131\u011f\u0131 bir beyanda Abbas; bu deklarasyonda kimi taraflar\u0131n kendilerine ait olmayan bir \u015feyi, onu hak etmeyen bir taraf olan siyonistlere verdiklerini belirtti.<\/p>\n<p>Abbas b\u00f6lge halklar\u0131 aras\u0131nda saflar\u0131 birle\u015ftirmekle birlikte b\u00f6l\u00fcnme ve ayr\u0131lmalara kar\u015f\u0131 m\u00fccadele \u00e7abalar\u0131n\u0131 yo\u011funla\u015ft\u0131rma \u00f6neminin alt\u0131n\u0131 \u00e7izdi. S\u00f6m\u00fcr\u00fcc\u00fc ve hegemonyac\u0131 planlarla Filistin davas\u0131n\u0131n Filistin halk\u0131n\u0131n aleyhine tasfiye edilmeye \u00e7al\u0131\u015f\u0131ld\u0131\u011f\u0131n\u0131 vurgulayan Abbas; bu planlara kar\u015f\u0131 m\u00fccadele veren Filistin halk\u0131, Suriye ve ordusuna destek \u00e7a\u011fr\u0131s\u0131nda bulundu.<\/p>\n<p>Meclisin Balfour Deklarasyonuna ili\u015fkin bildirisinin okunmas\u0131 ard\u0131ndan milletvekilleri h\u00fck\u00fcmetin 2017 devlet genel b\u00fct\u00e7esi karar tasar\u0131s\u0131n\u0131 tart\u0131\u015fmaya devam etti.<\/p>\n<p>Abbas bu ba\u011flamda; h\u00fck\u00fcmetin, anayasan\u0131n 79. Maddesi gere\u011fince b\u00fct\u00e7e karar tasar\u0131s\u0131n\u0131 belirlenen tarih i\u00e7inde meclise sunmas\u0131n\u0131n, devletin ve kurumlar\u0131n\u0131n g\u00fcc\u00fcne net bir kan\u0131t te\u015fkil etti\u011fini ifade etti.<\/p>\n<p>Meclis Ba\u015fkan\u0131 Abbas vergi ka\u00e7ak\u00e7\u0131l\u0131\u011f\u0131n\u0131n yan\u0131 s\u0131ra mali ve idari \u015fekilleriyle yolsuzlukla etkin bir m\u00fccadele i\u00e7in gerekli yasama ve d\u00fczenlemeler haz\u0131rlama gere\u011fini vurgulad\u0131. Abbas kamu m\u00fclklerinde gereksiz israf\u0131 \u00f6nleme ve i\u015fsizli\u011fi azaltma amac\u0131yla da etkin icraatlar al\u0131nmas\u0131 talebinde bulundu.<\/p>\n","protected":false},"excerpt":{"rendered":"<p>\u015eAM \u2013 Halk Meclisi Ba\u015fkan\u0131 Hediye Abbas ac\u0131 y\u0131ld\u00f6n\u00fcm\u00fc bug\u00fcne denk d\u00fc\u015fen ve siyonistlere Filistin topraklar\u0131 \u00fczerinde s\u00f6zde milli bir vatan kurma olana\u011f\u0131 sa\u011flayan Balfour Deklarasyonunun hi\u00e7bir kanuni ya da ahlaki temele dayanmad\u0131\u011f\u0131n\u0131n alt\u0131n\u0131 \u00e7izdi. U\u011fursuz Balfour Deklarasyonunun 99 ac\u0131 y\u0131ld\u00f6n\u00fcm\u00fc m\u00fcnasebetiyle Halk Meclisinin yay\u0131nlad\u0131\u011f\u0131 bir beyanda Abbas; bu deklarasyonda kimi taraflar\u0131n kendilerine ait olmayan &hellip;<\/p>\n","protected":false},"author":1,"featured_media":93531,"comment_status":"closed","ping_status":"closed","sticky":false,"template":"","format":"standard","meta":{"footnotes":""},"categories":[479,17988,478],"tags":[25063,25064,16838,23765,24975,20419],"class_list":["post-93525","post","type-post","status-publish","format-standard","has-post-thumbnail","","category-haberler-yerel","category-son-haberler","category-yerel","tag-belfour-deklarasyonu","tag-devlet-genel-butce-karar-tasarisi","tag-halk-meclisi","tag-hediye-abbas","tag-hukumet-beyani","tag-meclis-baskani"],"_links":{"self":[{"href":"https:\/\/archive.sana.sy\/tr\/index.php?rest_route=\/wp\/v2\/posts\/93525","targetHints":{"allow":["GET"]}}],"collection":[{"href":"https:\/\/archive.sana.sy\/tr\/index.php?rest_route=\/wp\/v2\/posts"}],"about":[{"href":"https:\/\/archive.sana.sy\/tr\/index.php?rest_route=\/wp\/v2\/types\/post"}],"author":[{"embeddable":true,"href":"https:\/\/archive.sana.sy\/tr\/index.php?rest_route=\/wp\/v2\/users\/1"}],"replies":[{"embeddable":true,"href":"https:\/\/archive.sana.sy\/tr\/index.php?rest_route=%2Fwp%2Fv2%2Fcomments&post=93525"}],"version-history":[{"count":0,"href":"https:\/\/archive.sana.sy\/tr\/index.php?rest_route=\/wp\/v2\/posts\/93525\/revisions"}],"wp:featuredmedia":[{"embeddable":true,"href":"https:\/\/archive.sana.sy\/tr\/index.php?rest_route=\/wp\/v2\/media\/93531"}],"wp:attachment":[{"href":"https:\/\/archive.sana.sy\/tr\/index.php?rest_route=%2Fwp%2Fv2%2Fmedia&parent=93525"}],"wp:term":[{"taxonomy":"category","embeddable":true,"href":"https:\/\/archive.sana.sy\/tr\/index.php?rest_route=%2Fwp%2Fv2%2Fcategories&post=93525"},{"taxonomy":"post_tag","embeddable":true,"href":"https:\/\/archive.sana.sy\/tr\/index.php?rest_route=%2Fwp%2Fv2%2Ftags&post=93525"}],"curies":[{"name":"wp","href":"https:\/\/api.w.org\/{rel}","templated":true}]}}