{"id":93526,"date":"2016-11-02T11:06:22","date_gmt":"2016-11-02T09:06:22","guid":{"rendered":"http:\/\/www.sana.sy\/tr\/?p=93526"},"modified":"2016-11-02T14:58:23","modified_gmt":"2016-11-02T12:58:23","slug":"ugursuz-balfour-deklarasyonunun-99-aci-yildonumu-munasebetiyle-halk-meclisinin-yayinladigi-bir-beyanda-abbas-bu-deklarasyonda-kimi-taraflarin-kendilerine-ait-olmayan-bir-seyi-onu-hak-etmeyen-bir-tar","status":"publish","type":"post","link":"https:\/\/archive.sana.sy\/tr\/?p=93526","title":{"rendered":"U\u011fursuz Balfour Deklarasyonunun 99 ac\u0131 y\u0131ld\u00f6n\u00fcm\u00fc m\u00fcnasebetiyle Halk Meclisinin yay\u0131nlad\u0131\u011f\u0131 bir beyanda Abbas; bu deklarasyonda kimi taraflar\u0131n kendilerine ait olmayan bir \u015feyi, onu hak etmeyen bir taraf olan siyonistlere verdiklerini belirtti"},"content":{"rendered":"<p>U\u011fursuz Balfour Deklarasyonunun 99 ac\u0131 y\u0131ld\u00f6n\u00fcm\u00fc m\u00fcnasebetiyle Halk Meclisinin yay\u0131nlad\u0131\u011f\u0131 bir beyanda Abbas; bu deklarasyonda kimi taraflar\u0131n kendilerine ait olmayan bir \u015feyi, onu hak etmeyen bir taraf olan siyonistlere verdiklerini belirtti<\/p>\n","protected":false},"excerpt":{"rendered":"<p>U\u011fursuz Balfour Deklarasyonunun 99 ac\u0131 y\u0131ld\u00f6n\u00fcm\u00fc m\u00fcnasebetiyle Halk Meclisinin yay\u0131nlad\u0131\u011f\u0131 bir beyanda Abbas; bu deklarasyonda kimi taraflar\u0131n kendilerine ait olmayan bir \u015feyi, onu hak etmeyen bir taraf olan siyonistlere verdiklerini belirtti<\/p>\n","protected":false},"author":1,"featured_media":0,"comment_status":"closed","ping_status":"closed","sticky":false,"template":"","format":"standard","meta":{"footnotes":""},"categories":[17991],"tags":[],"class_list":["post-93526","post","type-post","status-publish","format-standard","","category-son-dakika"],"_links":{"self":[{"href":"https:\/\/archive.sana.sy\/tr\/index.php?rest_route=\/wp\/v2\/posts\/93526","targetHints":{"allow":["GET"]}}],"collection":[{"href":"https:\/\/archive.sana.sy\/tr\/index.php?rest_route=\/wp\/v2\/posts"}],"about":[{"href":"https:\/\/archive.sana.sy\/tr\/index.php?rest_route=\/wp\/v2\/types\/post"}],"author":[{"embeddable":true,"href":"https:\/\/archive.sana.sy\/tr\/index.php?rest_route=\/wp\/v2\/users\/1"}],"replies":[{"embeddable":true,"href":"https:\/\/archive.sana.sy\/tr\/index.php?rest_route=%2Fwp%2Fv2%2Fcomments&post=93526"}],"version-history":[{"count":0,"href":"https:\/\/archive.sana.sy\/tr\/index.php?rest_route=\/wp\/v2\/posts\/93526\/revisions"}],"wp:attachment":[{"href":"https:\/\/archive.sana.sy\/tr\/index.php?rest_route=%2Fwp%2Fv2%2Fmedia&parent=93526"}],"wp:term":[{"taxonomy":"category","embeddable":true,"href":"https:\/\/archive.sana.sy\/tr\/index.php?rest_route=%2Fwp%2Fv2%2Fcategories&post=93526"},{"taxonomy":"post_tag","embeddable":true,"href":"https:\/\/archive.sana.sy\/tr\/index.php?rest_route=%2Fwp%2Fv2%2Ftags&post=93526"}],"curies":[{"name":"wp","href":"https:\/\/api.w.org\/{rel}","templated":true}]}}