{"id":93530,"date":"2016-11-02T11:02:43","date_gmt":"2016-11-02T09:02:43","guid":{"rendered":"http:\/\/www.sana.sy\/tr\/?p=93530"},"modified":"2016-11-02T14:57:57","modified_gmt":"2016-11-02T12:57:57","slug":"halk-meclisi-baskani-hediye-abbas-aci-yildonumu-bugune-denk-dusen-ve-siyonistlere-filistin-topraklari-uzerinde-sozde-milli-bir-vatan-kurma-olanagi-saglayan-balfour-deklarasyonunun-hicbir-kanuni-ya-da","status":"publish","type":"post","link":"https:\/\/archive.sana.sy\/tr\/?p=93530","title":{"rendered":"Halk Meclisi Ba\u015fkan\u0131 Hediye Abbas ac\u0131 y\u0131ld\u00f6n\u00fcm\u00fc bug\u00fcne denk d\u00fc\u015fen ve siyonistlere Filistin topraklar\u0131 \u00fczerinde s\u00f6zde milli bir vatan kurma olana\u011f\u0131 sa\u011flayan Balfour Deklarasyonunun hi\u00e7bir kanuni ya da ahlaki temele dayanmad\u0131\u011f\u0131n\u0131n alt\u0131n\u0131 \u00e7izdi"},"content":{"rendered":"<p>Halk Meclisi Ba\u015fkan\u0131 Hediye Abbas ac\u0131 y\u0131ld\u00f6n\u00fcm\u00fc bug\u00fcne denk d\u00fc\u015fen ve siyonistlere Filistin topraklar\u0131 \u00fczerinde s\u00f6zde milli bir vatan kurma olana\u011f\u0131 sa\u011flayan Balfour Deklarasyonunun hi\u00e7bir kanuni ya da ahlaki temele dayanmad\u0131\u011f\u0131n\u0131n alt\u0131n\u0131 \u00e7izdi<\/p>\n","protected":false},"excerpt":{"rendered":"<p>Halk Meclisi Ba\u015fkan\u0131 Hediye Abbas ac\u0131 y\u0131ld\u00f6n\u00fcm\u00fc bug\u00fcne denk d\u00fc\u015fen ve siyonistlere Filistin topraklar\u0131 \u00fczerinde s\u00f6zde milli bir vatan kurma olana\u011f\u0131 sa\u011flayan Balfour Deklarasyonunun hi\u00e7bir kanuni ya da ahlaki temele dayanmad\u0131\u011f\u0131n\u0131n alt\u0131n\u0131 \u00e7izdi<\/p>\n","protected":false},"author":1,"featured_media":0,"comment_status":"closed","ping_status":"closed","sticky":false,"template":"","format":"standard","meta":{"footnotes":""},"categories":[17991],"tags":[],"class_list":["post-93530","post","type-post","status-publish","format-standard","","category-son-dakika"],"_links":{"self":[{"href":"https:\/\/archive.sana.sy\/tr\/index.php?rest_route=\/wp\/v2\/posts\/93530","targetHints":{"allow":["GET"]}}],"collection":[{"href":"https:\/\/archive.sana.sy\/tr\/index.php?rest_route=\/wp\/v2\/posts"}],"about":[{"href":"https:\/\/archive.sana.sy\/tr\/index.php?rest_route=\/wp\/v2\/types\/post"}],"author":[{"embeddable":true,"href":"https:\/\/archive.sana.sy\/tr\/index.php?rest_route=\/wp\/v2\/users\/1"}],"replies":[{"embeddable":true,"href":"https:\/\/archive.sana.sy\/tr\/index.php?rest_route=%2Fwp%2Fv2%2Fcomments&post=93530"}],"version-history":[{"count":0,"href":"https:\/\/archive.sana.sy\/tr\/index.php?rest_route=\/wp\/v2\/posts\/93530\/revisions"}],"wp:attachment":[{"href":"https:\/\/archive.sana.sy\/tr\/index.php?rest_route=%2Fwp%2Fv2%2Fmedia&parent=93530"}],"wp:term":[{"taxonomy":"category","embeddable":true,"href":"https:\/\/archive.sana.sy\/tr\/index.php?rest_route=%2Fwp%2Fv2%2Fcategories&post=93530"},{"taxonomy":"post_tag","embeddable":true,"href":"https:\/\/archive.sana.sy\/tr\/index.php?rest_route=%2Fwp%2Fv2%2Ftags&post=93530"}],"curies":[{"name":"wp","href":"https:\/\/api.w.org\/{rel}","templated":true}]}}