{"id":93535,"date":"2016-11-02T11:10:44","date_gmt":"2016-11-02T09:10:44","guid":{"rendered":"http:\/\/www.sana.sy\/tr\/?p=93535"},"modified":"2016-11-02T14:59:05","modified_gmt":"2016-11-02T12:59:05","slug":"somurucu-ve-hegemonyaci-planlarla-filistin-davasinin-filistin-halkinin-aleyhine-tasfiye-edilmeye-calisildigini-vurgulayan-abbas-bu-planlara-karsi-mucadele-veren-filistin-halki-suriye-ve-ordusuna-des","status":"publish","type":"post","link":"https:\/\/archive.sana.sy\/tr\/?p=93535","title":{"rendered":"S\u00f6m\u00fcr\u00fcc\u00fc ve hegemonyac\u0131 planlarla Filistin davas\u0131n\u0131n Filistin halk\u0131n\u0131n aleyhine tasfiye edilmeye \u00e7al\u0131\u015f\u0131ld\u0131\u011f\u0131n\u0131 vurgulayan Abbas; bu planlara kar\u015f\u0131 m\u00fccadele veren Filistin halk\u0131, Suriye ve ordusuna destek \u00e7a\u011fr\u0131s\u0131nda bulundu"},"content":{"rendered":"<p>S\u00f6m\u00fcr\u00fcc\u00fc ve hegemonyac\u0131 planlarla Filistin davas\u0131n\u0131n Filistin halk\u0131n\u0131n aleyhine tasfiye edilmeye \u00e7al\u0131\u015f\u0131ld\u0131\u011f\u0131n\u0131 vurgulayan Abbas; bu planlara kar\u015f\u0131 m\u00fccadele veren Filistin halk\u0131, Suriye ve ordusuna destek \u00e7a\u011fr\u0131s\u0131nda bulundu<\/p>\n","protected":false},"excerpt":{"rendered":"<p>S\u00f6m\u00fcr\u00fcc\u00fc ve hegemonyac\u0131 planlarla Filistin davas\u0131n\u0131n Filistin halk\u0131n\u0131n aleyhine tasfiye edilmeye \u00e7al\u0131\u015f\u0131ld\u0131\u011f\u0131n\u0131 vurgulayan Abbas; bu planlara kar\u015f\u0131 m\u00fccadele veren Filistin halk\u0131, Suriye ve ordusuna destek \u00e7a\u011fr\u0131s\u0131nda bulundu<\/p>\n","protected":false},"author":1,"featured_media":0,"comment_status":"closed","ping_status":"closed","sticky":false,"template":"","format":"standard","meta":{"footnotes":""},"categories":[17991],"tags":[],"class_list":["post-93535","post","type-post","status-publish","format-standard","","category-son-dakika"],"_links":{"self":[{"href":"https:\/\/archive.sana.sy\/tr\/index.php?rest_route=\/wp\/v2\/posts\/93535","targetHints":{"allow":["GET"]}}],"collection":[{"href":"https:\/\/archive.sana.sy\/tr\/index.php?rest_route=\/wp\/v2\/posts"}],"about":[{"href":"https:\/\/archive.sana.sy\/tr\/index.php?rest_route=\/wp\/v2\/types\/post"}],"author":[{"embeddable":true,"href":"https:\/\/archive.sana.sy\/tr\/index.php?rest_route=\/wp\/v2\/users\/1"}],"replies":[{"embeddable":true,"href":"https:\/\/archive.sana.sy\/tr\/index.php?rest_route=%2Fwp%2Fv2%2Fcomments&post=93535"}],"version-history":[{"count":0,"href":"https:\/\/archive.sana.sy\/tr\/index.php?rest_route=\/wp\/v2\/posts\/93535\/revisions"}],"wp:attachment":[{"href":"https:\/\/archive.sana.sy\/tr\/index.php?rest_route=%2Fwp%2Fv2%2Fmedia&parent=93535"}],"wp:term":[{"taxonomy":"category","embeddable":true,"href":"https:\/\/archive.sana.sy\/tr\/index.php?rest_route=%2Fwp%2Fv2%2Fcategories&post=93535"},{"taxonomy":"post_tag","embeddable":true,"href":"https:\/\/archive.sana.sy\/tr\/index.php?rest_route=%2Fwp%2Fv2%2Ftags&post=93535"}],"curies":[{"name":"wp","href":"https:\/\/api.w.org\/{rel}","templated":true}]}}