{"id":93536,"date":"2016-11-02T11:14:50","date_gmt":"2016-11-02T09:14:50","guid":{"rendered":"http:\/\/www.sana.sy\/tr\/?p=93536"},"modified":"2016-11-02T14:59:51","modified_gmt":"2016-11-02T12:59:51","slug":"abbas-hukumetin-anayasanin-79-maddesi-geregince-butce-karar-tasarisini-belirlenen-tarih-icinde-meclise-sunmasinin-devletin-ve-kurumlarinin-gucune-net-bir-kanit-teskil-ettigini-ifade-etti","status":"publish","type":"post","link":"https:\/\/archive.sana.sy\/tr\/?p=93536","title":{"rendered":"Abbas; h\u00fck\u00fcmetin, anayasan\u0131n 79. Maddesi gere\u011fince b\u00fct\u00e7e karar tasar\u0131s\u0131n\u0131 belirlenen tarih i\u00e7inde meclise sunmas\u0131n\u0131n, devletin ve kurumlar\u0131n\u0131n g\u00fcc\u00fcne net bir kan\u0131t te\u015fkil etti\u011fini ifade etti."},"content":{"rendered":"<p>Abbas; h\u00fck\u00fcmetin, anayasan\u0131n 79. Maddesi gere\u011fince b\u00fct\u00e7e karar tasar\u0131s\u0131n\u0131 belirlenen tarih i\u00e7inde meclise sunmas\u0131n\u0131n, devletin ve kurumlar\u0131n\u0131n g\u00fcc\u00fcne net bir kan\u0131t te\u015fkil etti\u011fini ifade etti.<\/p>\n","protected":false},"excerpt":{"rendered":"<p>Abbas; h\u00fck\u00fcmetin, anayasan\u0131n 79. Maddesi gere\u011fince b\u00fct\u00e7e karar tasar\u0131s\u0131n\u0131 belirlenen tarih i\u00e7inde meclise sunmas\u0131n\u0131n, devletin ve kurumlar\u0131n\u0131n g\u00fcc\u00fcne net bir kan\u0131t te\u015fkil etti\u011fini ifade etti.<\/p>\n","protected":false},"author":1,"featured_media":0,"comment_status":"closed","ping_status":"closed","sticky":false,"template":"","format":"standard","meta":{"footnotes":""},"categories":[17991],"tags":[],"class_list":["post-93536","post","type-post","status-publish","format-standard","","category-son-dakika"],"_links":{"self":[{"href":"https:\/\/archive.sana.sy\/tr\/index.php?rest_route=\/wp\/v2\/posts\/93536","targetHints":{"allow":["GET"]}}],"collection":[{"href":"https:\/\/archive.sana.sy\/tr\/index.php?rest_route=\/wp\/v2\/posts"}],"about":[{"href":"https:\/\/archive.sana.sy\/tr\/index.php?rest_route=\/wp\/v2\/types\/post"}],"author":[{"embeddable":true,"href":"https:\/\/archive.sana.sy\/tr\/index.php?rest_route=\/wp\/v2\/users\/1"}],"replies":[{"embeddable":true,"href":"https:\/\/archive.sana.sy\/tr\/index.php?rest_route=%2Fwp%2Fv2%2Fcomments&post=93536"}],"version-history":[{"count":0,"href":"https:\/\/archive.sana.sy\/tr\/index.php?rest_route=\/wp\/v2\/posts\/93536\/revisions"}],"wp:attachment":[{"href":"https:\/\/archive.sana.sy\/tr\/index.php?rest_route=%2Fwp%2Fv2%2Fmedia&parent=93536"}],"wp:term":[{"taxonomy":"category","embeddable":true,"href":"https:\/\/archive.sana.sy\/tr\/index.php?rest_route=%2Fwp%2Fv2%2Fcategories&post=93536"},{"taxonomy":"post_tag","embeddable":true,"href":"https:\/\/archive.sana.sy\/tr\/index.php?rest_route=%2Fwp%2Fv2%2Ftags&post=93536"}],"curies":[{"name":"wp","href":"https:\/\/api.w.org\/{rel}","templated":true}]}}