{"id":93556,"date":"2016-11-02T12:03:18","date_gmt":"2016-11-02T10:03:18","guid":{"rendered":"http:\/\/www.sana.sy\/tr\/?p=93556"},"modified":"2016-11-02T16:16:44","modified_gmt":"2016-11-02T14:16:44","slug":"sanaya-aciklama-yapan-saha-komutani-ordu-birliklerimizin-bugun-sam-kirsalinin-guneybatisi-han-el-siyh-bolgesinde-kaide-orgutunun-suriye-kolu-olan-ve-israilden-destek-alan-nusra-ceph","status":"publish","type":"post","link":"https:\/\/archive.sana.sy\/tr\/?p=93556","title":{"rendered":"SANA\u2019ya a\u00e7\u0131klama yapan saha komutan\u0131; ordu birliklerimizin bug\u00fcn \u015eam k\u0131rsal\u0131n\u0131n g\u00fcneybat\u0131s\u0131 Han el \u015eiyh B\u00f6lgesinde Kaide \u00d6rg\u00fct\u00fcn\u00fcn Suriye kolu olan ve \u0130srail\u2019den destek alan Nusra Cephesi ve \u2018Ahrar el \u015eam \u0130slami Hareketi\u2019ne tabi ter\u00f6ristlerle \u015fiddetli \u00e7at\u0131\u015fmalara girdiklerini ifade etti"},"content":{"rendered":"<p>SANA\u2019ya a\u00e7\u0131klama yapan saha komutan\u0131; ordu birliklerimizin bug\u00fcn \u015eam k\u0131rsal\u0131n\u0131n g\u00fcneybat\u0131s\u0131 Han el \u015eiyh B\u00f6lgesinde Kaide \u00d6rg\u00fct\u00fcn\u00fcn Suriye kolu olan ve \u0130srail\u2019den destek alan Nusra Cephesi ve \u2018Ahrar el \u015eam \u0130slami Hareketi\u2019ne tabi ter\u00f6ristlerle \u015fiddetli \u00e7at\u0131\u015fmalara girdiklerini ifade etti<\/p>\n","protected":false},"excerpt":{"rendered":"<p>SANA\u2019ya a\u00e7\u0131klama yapan saha komutan\u0131; ordu birliklerimizin bug\u00fcn \u015eam k\u0131rsal\u0131n\u0131n g\u00fcneybat\u0131s\u0131 Han el \u015eiyh B\u00f6lgesinde Kaide \u00d6rg\u00fct\u00fcn\u00fcn Suriye kolu olan ve \u0130srail\u2019den destek alan Nusra Cephesi ve \u2018Ahrar el \u015eam \u0130slami Hareketi\u2019ne tabi ter\u00f6ristlerle \u015fiddetli \u00e7at\u0131\u015fmalara girdiklerini ifade etti<\/p>\n","protected":false},"author":1,"featured_media":0,"comment_status":"closed","ping_status":"closed","sticky":false,"template":"","format":"standard","meta":{"footnotes":""},"categories":[17991],"tags":[],"class_list":["post-93556","post","type-post","status-publish","format-standard","","category-son-dakika"],"_links":{"self":[{"href":"https:\/\/archive.sana.sy\/tr\/index.php?rest_route=\/wp\/v2\/posts\/93556","targetHints":{"allow":["GET"]}}],"collection":[{"href":"https:\/\/archive.sana.sy\/tr\/index.php?rest_route=\/wp\/v2\/posts"}],"about":[{"href":"https:\/\/archive.sana.sy\/tr\/index.php?rest_route=\/wp\/v2\/types\/post"}],"author":[{"embeddable":true,"href":"https:\/\/archive.sana.sy\/tr\/index.php?rest_route=\/wp\/v2\/users\/1"}],"replies":[{"embeddable":true,"href":"https:\/\/archive.sana.sy\/tr\/index.php?rest_route=%2Fwp%2Fv2%2Fcomments&post=93556"}],"version-history":[{"count":0,"href":"https:\/\/archive.sana.sy\/tr\/index.php?rest_route=\/wp\/v2\/posts\/93556\/revisions"}],"wp:attachment":[{"href":"https:\/\/archive.sana.sy\/tr\/index.php?rest_route=%2Fwp%2Fv2%2Fmedia&parent=93556"}],"wp:term":[{"taxonomy":"category","embeddable":true,"href":"https:\/\/archive.sana.sy\/tr\/index.php?rest_route=%2Fwp%2Fv2%2Fcategories&post=93556"},{"taxonomy":"post_tag","embeddable":true,"href":"https:\/\/archive.sana.sy\/tr\/index.php?rest_route=%2Fwp%2Fv2%2Ftags&post=93556"}],"curies":[{"name":"wp","href":"https:\/\/api.w.org\/{rel}","templated":true}]}}