{"id":93559,"date":"2016-11-02T12:10:59","date_gmt":"2016-11-02T10:10:59","guid":{"rendered":"http:\/\/www.sana.sy\/tr\/?p=93559"},"modified":"2016-11-02T16:17:08","modified_gmt":"2016-11-02T14:17:08","slug":"komutan-catismalarda-hurbet-el-abbasiye-bolgesini-bu-radikal-teroristlerden-temizlenmesiyle-cok-sayida-teroristin-olu-ve-yarali-dusuruldugunu-aktardi","status":"publish","type":"post","link":"https:\/\/archive.sana.sy\/tr\/?p=93559","title":{"rendered":"Komutan; \u00e7at\u0131\u015fmalarda Hurbet el Abbasiye B\u00f6lgesini bu radikal ter\u00f6ristlerden temizlenmesiyle \u00e7ok say\u0131da ter\u00f6ristin \u00f6l\u00fc ve yaral\u0131 d\u00fc\u015f\u00fcr\u00fcld\u00fc\u011f\u00fcn\u00fc aktard\u0131"},"content":{"rendered":"<p>Komutan; \u00e7at\u0131\u015fmalarda Hurbet el Abbasiye B\u00f6lgesini bu radikal ter\u00f6ristlerden temizlenmesiyle \u00e7ok say\u0131da ter\u00f6ristin \u00f6l\u00fc ve yaral\u0131 d\u00fc\u015f\u00fcr\u00fcld\u00fc\u011f\u00fcn\u00fc aktard\u0131<\/p>\n","protected":false},"excerpt":{"rendered":"<p>Komutan; \u00e7at\u0131\u015fmalarda Hurbet el Abbasiye B\u00f6lgesini bu radikal ter\u00f6ristlerden temizlenmesiyle \u00e7ok say\u0131da ter\u00f6ristin \u00f6l\u00fc ve yaral\u0131 d\u00fc\u015f\u00fcr\u00fcld\u00fc\u011f\u00fcn\u00fc aktard\u0131<\/p>\n","protected":false},"author":1,"featured_media":0,"comment_status":"closed","ping_status":"closed","sticky":false,"template":"","format":"standard","meta":{"footnotes":""},"categories":[17991],"tags":[],"class_list":["post-93559","post","type-post","status-publish","format-standard","","category-son-dakika"],"_links":{"self":[{"href":"https:\/\/archive.sana.sy\/tr\/index.php?rest_route=\/wp\/v2\/posts\/93559","targetHints":{"allow":["GET"]}}],"collection":[{"href":"https:\/\/archive.sana.sy\/tr\/index.php?rest_route=\/wp\/v2\/posts"}],"about":[{"href":"https:\/\/archive.sana.sy\/tr\/index.php?rest_route=\/wp\/v2\/types\/post"}],"author":[{"embeddable":true,"href":"https:\/\/archive.sana.sy\/tr\/index.php?rest_route=\/wp\/v2\/users\/1"}],"replies":[{"embeddable":true,"href":"https:\/\/archive.sana.sy\/tr\/index.php?rest_route=%2Fwp%2Fv2%2Fcomments&post=93559"}],"version-history":[{"count":0,"href":"https:\/\/archive.sana.sy\/tr\/index.php?rest_route=\/wp\/v2\/posts\/93559\/revisions"}],"wp:attachment":[{"href":"https:\/\/archive.sana.sy\/tr\/index.php?rest_route=%2Fwp%2Fv2%2Fmedia&parent=93559"}],"wp:term":[{"taxonomy":"category","embeddable":true,"href":"https:\/\/archive.sana.sy\/tr\/index.php?rest_route=%2Fwp%2Fv2%2Fcategories&post=93559"},{"taxonomy":"post_tag","embeddable":true,"href":"https:\/\/archive.sana.sy\/tr\/index.php?rest_route=%2Fwp%2Fv2%2Ftags&post=93559"}],"curies":[{"name":"wp","href":"https:\/\/api.w.org\/{rel}","templated":true}]}}