{"id":93560,"date":"2016-11-02T12:16:30","date_gmt":"2016-11-02T10:16:30","guid":{"rendered":"http:\/\/www.sana.sy\/tr\/?p=93560"},"modified":"2016-11-02T16:17:41","modified_gmt":"2016-11-02T14:17:41","slug":"arama-tarama-operasyonlarinda-bomba-imha-ekiplerinin-bolgeye-yerlestirilen-mayin-ve-bubi-tuzaklarini-etkisizlestirdiklerini-belirten-komutan-boylece-han-el-siyh-beldesinde-bulunan-teroristlerin-tam-b","status":"publish","type":"post","link":"https:\/\/archive.sana.sy\/tr\/?p=93560","title":{"rendered":"Arama tarama operasyonlar\u0131nda bomba imha ekiplerinin b\u00f6lgeye yerle\u015ftirilen may\u0131n ve bubi tuzaklar\u0131n\u0131 etkisizle\u015ftirdiklerini belirten komutan; b\u00f6ylece Han el \u015eiyh Beldesinde bulunan ter\u00f6ristlerin tam bir s\u0131k\u0131 \u00e7embere al\u0131nm\u0131\u015f olduklar\u0131na dikkat \u00e7ekti"},"content":{"rendered":"<p>Arama tarama operasyonlar\u0131nda bomba imha ekiplerinin b\u00f6lgeye yerle\u015ftirilen may\u0131n ve bubi tuzaklar\u0131n\u0131 etkisizle\u015ftirdiklerini belirten komutan; b\u00f6ylece Han el \u015eiyh Beldesinde bulunan ter\u00f6ristlerin tam bir s\u0131k\u0131 \u00e7embere al\u0131nm\u0131\u015f olduklar\u0131na dikkat \u00e7ekti<\/p>\n","protected":false},"excerpt":{"rendered":"<p>Arama tarama operasyonlar\u0131nda bomba imha ekiplerinin b\u00f6lgeye yerle\u015ftirilen may\u0131n ve bubi tuzaklar\u0131n\u0131 etkisizle\u015ftirdiklerini belirten komutan; b\u00f6ylece Han el \u015eiyh Beldesinde bulunan ter\u00f6ristlerin tam bir s\u0131k\u0131 \u00e7embere al\u0131nm\u0131\u015f olduklar\u0131na dikkat \u00e7ekti<\/p>\n","protected":false},"author":1,"featured_media":0,"comment_status":"closed","ping_status":"closed","sticky":false,"template":"","format":"standard","meta":{"footnotes":""},"categories":[17991],"tags":[],"class_list":["post-93560","post","type-post","status-publish","format-standard","","category-son-dakika"],"_links":{"self":[{"href":"https:\/\/archive.sana.sy\/tr\/index.php?rest_route=\/wp\/v2\/posts\/93560","targetHints":{"allow":["GET"]}}],"collection":[{"href":"https:\/\/archive.sana.sy\/tr\/index.php?rest_route=\/wp\/v2\/posts"}],"about":[{"href":"https:\/\/archive.sana.sy\/tr\/index.php?rest_route=\/wp\/v2\/types\/post"}],"author":[{"embeddable":true,"href":"https:\/\/archive.sana.sy\/tr\/index.php?rest_route=\/wp\/v2\/users\/1"}],"replies":[{"embeddable":true,"href":"https:\/\/archive.sana.sy\/tr\/index.php?rest_route=%2Fwp%2Fv2%2Fcomments&post=93560"}],"version-history":[{"count":0,"href":"https:\/\/archive.sana.sy\/tr\/index.php?rest_route=\/wp\/v2\/posts\/93560\/revisions"}],"wp:attachment":[{"href":"https:\/\/archive.sana.sy\/tr\/index.php?rest_route=%2Fwp%2Fv2%2Fmedia&parent=93560"}],"wp:term":[{"taxonomy":"category","embeddable":true,"href":"https:\/\/archive.sana.sy\/tr\/index.php?rest_route=%2Fwp%2Fv2%2Fcategories&post=93560"},{"taxonomy":"post_tag","embeddable":true,"href":"https:\/\/archive.sana.sy\/tr\/index.php?rest_route=%2Fwp%2Fv2%2Ftags&post=93560"}],"curies":[{"name":"wp","href":"https:\/\/api.w.org\/{rel}","templated":true}]}}