{"id":93563,"date":"2016-11-02T10:53:19","date_gmt":"2016-11-02T08:53:19","guid":{"rendered":"http:\/\/www.sana.sy\/tr\/?p=93563"},"modified":"2016-11-02T16:26:15","modified_gmt":"2016-11-02T14:26:15","slug":"deyrezzor-kentinin-yaklasik-10-km-guneydogusuna-dusen-cafra-koyunde-de-ordu-birliklerimizin-isidli-bir-teror-grubunun-tum-uyelerini-olu-ve-yarali-dusurduklerini-belirten-kaynak-arac-silah-v","status":"publish","type":"post","link":"https:\/\/archive.sana.sy\/tr\/?p=93563","title":{"rendered":"Deyrezzor Kentinin yakla\u015f\u0131k 10 km g\u00fcneydo\u011fusuna d\u00fc\u015fen Cafra K\u00f6y\u00fcnde de ordu birliklerimizin I\u015e\u0130D\u2019li bir ter\u00f6r grubunun t\u00fcm \u00fcyelerini \u00f6l\u00fc ve yaral\u0131 d\u00fc\u015f\u00fcrd\u00fcklerini belirten kaynak; ara\u00e7, silah ve m\u00fchimmatlar\u0131n\u0131 da tahrip ettiklerini s\u00f6zlerine ekledi."},"content":{"rendered":"<p>Deyrezzor Kentinin yakla\u015f\u0131k 10 km g\u00fcneydo\u011fusuna d\u00fc\u015fen Cafra K\u00f6y\u00fcnde de ordu birliklerimizin I\u015e\u0130D\u2019li bir ter\u00f6r grubunun t\u00fcm \u00fcyelerini \u00f6l\u00fc ve yaral\u0131 d\u00fc\u015f\u00fcrd\u00fcklerini belirten kaynak; ara\u00e7, silah ve m\u00fchimmatlar\u0131n\u0131 da tahrip ettiklerini s\u00f6zlerine ekledi.<\/p>\n","protected":false},"excerpt":{"rendered":"<p>Deyrezzor Kentinin yakla\u015f\u0131k 10 km g\u00fcneydo\u011fusuna d\u00fc\u015fen Cafra K\u00f6y\u00fcnde de ordu birliklerimizin I\u015e\u0130D\u2019li bir ter\u00f6r grubunun t\u00fcm \u00fcyelerini \u00f6l\u00fc ve yaral\u0131 d\u00fc\u015f\u00fcrd\u00fcklerini belirten kaynak; ara\u00e7, silah ve m\u00fchimmatlar\u0131n\u0131 da tahrip ettiklerini s\u00f6zlerine ekledi.<\/p>\n","protected":false},"author":1,"featured_media":0,"comment_status":"closed","ping_status":"closed","sticky":false,"template":"","format":"standard","meta":{"footnotes":""},"categories":[17991],"tags":[],"class_list":["post-93563","post","type-post","status-publish","format-standard","","category-son-dakika"],"_links":{"self":[{"href":"https:\/\/archive.sana.sy\/tr\/index.php?rest_route=\/wp\/v2\/posts\/93563","targetHints":{"allow":["GET"]}}],"collection":[{"href":"https:\/\/archive.sana.sy\/tr\/index.php?rest_route=\/wp\/v2\/posts"}],"about":[{"href":"https:\/\/archive.sana.sy\/tr\/index.php?rest_route=\/wp\/v2\/types\/post"}],"author":[{"embeddable":true,"href":"https:\/\/archive.sana.sy\/tr\/index.php?rest_route=\/wp\/v2\/users\/1"}],"replies":[{"embeddable":true,"href":"https:\/\/archive.sana.sy\/tr\/index.php?rest_route=%2Fwp%2Fv2%2Fcomments&post=93563"}],"version-history":[{"count":0,"href":"https:\/\/archive.sana.sy\/tr\/index.php?rest_route=\/wp\/v2\/posts\/93563\/revisions"}],"wp:attachment":[{"href":"https:\/\/archive.sana.sy\/tr\/index.php?rest_route=%2Fwp%2Fv2%2Fmedia&parent=93563"}],"wp:term":[{"taxonomy":"category","embeddable":true,"href":"https:\/\/archive.sana.sy\/tr\/index.php?rest_route=%2Fwp%2Fv2%2Fcategories&post=93563"},{"taxonomy":"post_tag","embeddable":true,"href":"https:\/\/archive.sana.sy\/tr\/index.php?rest_route=%2Fwp%2Fv2%2Ftags&post=93563"}],"curies":[{"name":"wp","href":"https:\/\/api.w.org\/{rel}","templated":true}]}}