{"id":93564,"date":"2016-11-02T10:42:24","date_gmt":"2016-11-02T08:42:24","guid":{"rendered":"http:\/\/www.sana.sy\/tr\/?p=93564"},"modified":"2016-11-02T16:18:34","modified_gmt":"2016-11-02T14:18:34","slug":"askeri-kaynak-ordu-birliklerimizde-ozel-guclerin-lazkiye-kirsalinin-kuzeyi-sir-el-nimr-bolgesinin-batisinda-katil-erdogan-rejimine-bagli-nusra-cephesi-ve-diger-teror-gruplarin-siperlerine-yonelik-nit","status":"publish","type":"post","link":"https:\/\/archive.sana.sy\/tr\/?p=93564","title":{"rendered":"Askeri kaynak; ordu birliklerimizde \u00f6zel g\u00fc\u00e7lerin Lazkiye k\u0131rsal\u0131n\u0131n kuzeyi \u015eir el Nimr B\u00f6lgesinin Bat\u0131s\u0131nda katil Erdo\u011fan rejimine ba\u011fl\u0131 Nusra Cephesi ve di\u011fer ter\u00f6r gruplar\u0131n siperlerine y\u00f6nelik nitelikli operasyonlar ger\u00e7ekle\u015ftirerek 2 siper noktas\u0131n\u0131 muhtevalar\u0131yla birlikte tamamen imha ettiklerini s\u00f6yledi"},"content":{"rendered":"<p>Askeri kaynak; ordu birliklerimizde \u00f6zel g\u00fc\u00e7lerin Lazkiye k\u0131rsal\u0131n\u0131n kuzeyi \u015eir el Nimr B\u00f6lgesinin Bat\u0131s\u0131nda katil Erdo\u011fan rejimine ba\u011fl\u0131 Nusra Cephesi ve di\u011fer ter\u00f6r gruplar\u0131n siperlerine y\u00f6nelik nitelikli operasyonlar ger\u00e7ekle\u015ftirerek 2 siper noktas\u0131n\u0131 muhtevalar\u0131yla birlikte tamamen imha ettiklerini s\u00f6yledi<\/p>\n","protected":false},"excerpt":{"rendered":"<p>Askeri kaynak; ordu birliklerimizde \u00f6zel g\u00fc\u00e7lerin Lazkiye k\u0131rsal\u0131n\u0131n kuzeyi \u015eir el Nimr B\u00f6lgesinin Bat\u0131s\u0131nda katil Erdo\u011fan rejimine ba\u011fl\u0131 Nusra Cephesi ve di\u011fer ter\u00f6r gruplar\u0131n siperlerine y\u00f6nelik nitelikli operasyonlar ger\u00e7ekle\u015ftirerek 2 siper noktas\u0131n\u0131 muhtevalar\u0131yla birlikte tamamen imha ettiklerini s\u00f6yledi<\/p>\n","protected":false},"author":1,"featured_media":0,"comment_status":"closed","ping_status":"closed","sticky":false,"template":"","format":"standard","meta":{"footnotes":""},"categories":[17991],"tags":[],"class_list":["post-93564","post","type-post","status-publish","format-standard","","category-son-dakika"],"_links":{"self":[{"href":"https:\/\/archive.sana.sy\/tr\/index.php?rest_route=\/wp\/v2\/posts\/93564","targetHints":{"allow":["GET"]}}],"collection":[{"href":"https:\/\/archive.sana.sy\/tr\/index.php?rest_route=\/wp\/v2\/posts"}],"about":[{"href":"https:\/\/archive.sana.sy\/tr\/index.php?rest_route=\/wp\/v2\/types\/post"}],"author":[{"embeddable":true,"href":"https:\/\/archive.sana.sy\/tr\/index.php?rest_route=\/wp\/v2\/users\/1"}],"replies":[{"embeddable":true,"href":"https:\/\/archive.sana.sy\/tr\/index.php?rest_route=%2Fwp%2Fv2%2Fcomments&post=93564"}],"version-history":[{"count":0,"href":"https:\/\/archive.sana.sy\/tr\/index.php?rest_route=\/wp\/v2\/posts\/93564\/revisions"}],"wp:attachment":[{"href":"https:\/\/archive.sana.sy\/tr\/index.php?rest_route=%2Fwp%2Fv2%2Fmedia&parent=93564"}],"wp:term":[{"taxonomy":"category","embeddable":true,"href":"https:\/\/archive.sana.sy\/tr\/index.php?rest_route=%2Fwp%2Fv2%2Fcategories&post=93564"},{"taxonomy":"post_tag","embeddable":true,"href":"https:\/\/archive.sana.sy\/tr\/index.php?rest_route=%2Fwp%2Fv2%2Ftags&post=93564"}],"curies":[{"name":"wp","href":"https:\/\/api.w.org\/{rel}","templated":true}]}}