{"id":93566,"date":"2016-11-02T10:55:21","date_gmt":"2016-11-02T08:55:21","guid":{"rendered":"http:\/\/www.sana.sy\/tr\/?p=93566"},"modified":"2016-11-02T16:22:25","modified_gmt":"2016-11-02T14:22:25","slug":"askeri-kaynak-deyrezzorda-iside-karsi-savasan-ordu-birliklerimizin-askeri-havaalaninin-dogusuna-ek-olarak-mezralar-ve-seramik-fabrikasi-civarinda-isidin-toplanma-yerleri-ve","status":"publish","type":"post","link":"https:\/\/archive.sana.sy\/tr\/?p=93566","title":{"rendered":"Askeri kaynak; Deyrezzor\u2019da I\u015e\u0130D\u2019e kar\u015f\u0131 sava\u015fan ordu birliklerimizin Askeri Havaalan\u0131n\u0131n do\u011fusuna ek olarak Mezralar ve Seramik Fabrikas\u0131 civar\u0131nda I\u015e\u0130D\u2019in toplanma yerleri ve komuta karargahlar\u0131n\u0131 yo\u011fun ate\u015fe tuttuklar\u0131n\u0131 aktard\u0131"},"content":{"rendered":"<p>Askeri kaynak; Deyrezzor\u2019da I\u015e\u0130D\u2019e kar\u015f\u0131 sava\u015fan ordu birliklerimizin Askeri Havaalan\u0131n\u0131n do\u011fusuna ek olarak Mezralar ve Seramik Fabrikas\u0131 civar\u0131nda I\u015e\u0130D\u2019in toplanma yerleri ve komuta karargahlar\u0131n\u0131 yo\u011fun ate\u015fe tuttuklar\u0131n\u0131 aktard\u0131<\/p>\n","protected":false},"excerpt":{"rendered":"<p>Askeri kaynak; Deyrezzor\u2019da I\u015e\u0130D\u2019e kar\u015f\u0131 sava\u015fan ordu birliklerimizin Askeri Havaalan\u0131n\u0131n do\u011fusuna ek olarak Mezralar ve Seramik Fabrikas\u0131 civar\u0131nda I\u015e\u0130D\u2019in toplanma yerleri ve komuta karargahlar\u0131n\u0131 yo\u011fun ate\u015fe tuttuklar\u0131n\u0131 aktard\u0131<\/p>\n","protected":false},"author":1,"featured_media":0,"comment_status":"closed","ping_status":"closed","sticky":false,"template":"","format":"standard","meta":{"footnotes":""},"categories":[17991],"tags":[],"class_list":["post-93566","post","type-post","status-publish","format-standard","","category-son-dakika"],"_links":{"self":[{"href":"https:\/\/archive.sana.sy\/tr\/index.php?rest_route=\/wp\/v2\/posts\/93566","targetHints":{"allow":["GET"]}}],"collection":[{"href":"https:\/\/archive.sana.sy\/tr\/index.php?rest_route=\/wp\/v2\/posts"}],"about":[{"href":"https:\/\/archive.sana.sy\/tr\/index.php?rest_route=\/wp\/v2\/types\/post"}],"author":[{"embeddable":true,"href":"https:\/\/archive.sana.sy\/tr\/index.php?rest_route=\/wp\/v2\/users\/1"}],"replies":[{"embeddable":true,"href":"https:\/\/archive.sana.sy\/tr\/index.php?rest_route=%2Fwp%2Fv2%2Fcomments&post=93566"}],"version-history":[{"count":0,"href":"https:\/\/archive.sana.sy\/tr\/index.php?rest_route=\/wp\/v2\/posts\/93566\/revisions"}],"wp:attachment":[{"href":"https:\/\/archive.sana.sy\/tr\/index.php?rest_route=%2Fwp%2Fv2%2Fmedia&parent=93566"}],"wp:term":[{"taxonomy":"category","embeddable":true,"href":"https:\/\/archive.sana.sy\/tr\/index.php?rest_route=%2Fwp%2Fv2%2Fcategories&post=93566"},{"taxonomy":"post_tag","embeddable":true,"href":"https:\/\/archive.sana.sy\/tr\/index.php?rest_route=%2Fwp%2Fv2%2Ftags&post=93566"}],"curies":[{"name":"wp","href":"https:\/\/api.w.org\/{rel}","templated":true}]}}