{"id":93571,"date":"2016-11-02T11:28:00","date_gmt":"2016-11-02T09:28:00","guid":{"rendered":"http:\/\/www.sana.sy\/tr\/?p=93571"},"modified":"2016-11-03T13:52:30","modified_gmt":"2016-11-03T11:52:30","slug":"ordu-birliklerimiz-kontrolleri-altindaki-bolgeleri-genisletiyor-9","status":"publish","type":"post","link":"https:\/\/archive.sana.sy\/tr\/?p=93571","title":{"rendered":"Ordu Birliklerimiz Kontrolleri Alt\u0131ndaki B\u00f6lgeleri Geni\u015fletiyor"},"content":{"rendered":"<p>\u0130LLER \u2013 Suriye ve halk\u0131na d\u00fc\u015fmen rejimlerden askeri, lojistik ve siyasi destek alan ter\u00f6ristleri bug\u00fcn yine a\u011f\u0131r kay\u0131plara u\u011fran ordu birliklerimiz bir k\u0131s\u0131m b\u00f6lgelerde kontrolleri alt\u0131ndaki b\u00f6lgeleri de geni\u015flettiler.<\/p>\n<p><span style=\"color: #0000ff\">\u015eAM KIRSALI:<\/span><\/p>\n<p>SANA\u2019ya a\u00e7\u0131klama yapan saha komutan\u0131; ordu birliklerimizin bug\u00fcn \u015eam k\u0131rsal\u0131n\u0131n g\u00fcneybat\u0131s\u0131 Han el \u015eiyh B\u00f6lgesinde Kaide \u00d6rg\u00fct\u00fcn\u00fcn Suriye kolu olan ve \u0130srail\u2019den destek alan Nusra Cephesi ve \u2018Ahrar el \u015eam \u0130slami Hareketi\u2019ne tabi ter\u00f6ristlerle \u015fiddetli \u00e7at\u0131\u015fmalara girdiklerini ifade etti.<\/p>\n<p>Komutan; \u00e7at\u0131\u015fmalarda Hurbet el Abbasiye B\u00f6lgesini bu radikal ter\u00f6ristlerden temizlenmesiyle \u00e7ok say\u0131da ter\u00f6ristin \u00f6l\u00fc ve yaral\u0131 d\u00fc\u015f\u00fcr\u00fcld\u00fc\u011f\u00fcn\u00fc aktard\u0131.<\/p>\n<p>Arama tarama operasyonlar\u0131nda bomba imha ekiplerinin b\u00f6lgeye yerle\u015ftirilen may\u0131n ve bubi tuzaklar\u0131n\u0131 etkisizle\u015ftirdiklerini belirten komutan; b\u00f6ylece Han el \u015eiyh Beldesinde bulunan ter\u00f6ristlerin tam bir s\u0131k\u0131 \u00e7embere al\u0131nm\u0131\u015f olduklar\u0131na dikkat \u00e7ekti.<\/p>\n<p><span style=\"color: #0000ff\">LAZK\u0130YE:<\/span><\/p>\n<p>\u00d6te yandan askeri kaynak; ordu birliklerimizde \u00f6zel g\u00fc\u00e7lerin Lazkiye k\u0131rsal\u0131n\u0131n kuzeyi \u015eir el Nimr B\u00f6lgesinin Bat\u0131s\u0131nda katil Erdo\u011fan rejimine ba\u011fl\u0131 Nusra Cephesi ve di\u011fer ter\u00f6r gruplar\u0131n siperlerine y\u00f6nelik nitelikli operasyonlar ger\u00e7ekle\u015ftirerek 2 siper noktas\u0131n\u0131 muhtevalar\u0131yla birlikte tamamen imha ettiklerini s\u00f6yledi.<\/p>\n<p><span style=\"color: #0000ff\">DEYREZZOR:<\/span><\/p>\n<p>Bu arada Askeri kaynak; Deyrezzor\u2019da I\u015e\u0130D\u2019e kar\u015f\u0131 sava\u015fan ordu birliklerimizin Askeri Havaalan\u0131n\u0131n do\u011fusuna ek olarak Mezralar ve Seramik Fabrikas\u0131 civar\u0131nda I\u015e\u0130D\u2019in toplanma yerleri ve komuta karargahlar\u0131n\u0131 yo\u011fun ate\u015fe tuttuklar\u0131n\u0131 aktard\u0131.<\/p>\n<p>Kaynak operasyonlarda y\u00fcksek say\u0131da ter\u00f6ristin \u00f6l\u00fc ve yaral\u0131 d\u00fc\u015f\u00fcr\u00fcp havzalar\u0131nda bulunan silah ve m\u00fchimmatlar\u0131n da yok edildi\u011fini kaydetti.<\/p>\n<p>Deyrezzor Kentinin yakla\u015f\u0131k 10 km g\u00fcneydo\u011fusuna d\u00fc\u015fen Cafra K\u00f6y\u00fcnde de ordu birliklerimizin I\u015e\u0130D\u2019li bir ter\u00f6r grubunun t\u00fcm \u00fcyelerini \u00f6l\u00fc ve yaral\u0131 d\u00fc\u015f\u00fcrd\u00fcklerini belirten kaynak; ara\u00e7, silah ve m\u00fchimmatlar\u0131n\u0131 da tahrip ettiklerini s\u00f6zlerine ekledi.<\/p>\n<p><span style=\"color: #0000ff\">DERA:<\/span><\/p>\n<p>Di\u011fer yandan askeri kaynak; Dera Beled\u2019te sivillere ait m\u00fclklere ve tar\u0131m arazilere kar\u015f\u0131 sabotaj eylemlerinde bulunan bir ter\u00f6r grubunu yo\u011fun ate\u015fe tutmalar\u0131yla grubun t\u00fcm \u00fcyelerini \u00f6l\u00fc ve yaral\u0131 d\u00fc\u015f\u00fcr\u00fcp kulland\u0131klar\u0131 bir dozeri ve cephanelerini de etkisizle\u015ftirdiklerini s\u00f6yledi.<\/p>\n","protected":false},"excerpt":{"rendered":"<p>\u0130LLER \u2013 Suriye ve halk\u0131na d\u00fc\u015fmen rejimlerden askeri, lojistik ve siyasi destek alan ter\u00f6ristleri bug\u00fcn yine a\u011f\u0131r kay\u0131plara u\u011fran ordu birliklerimiz bir k\u0131s\u0131m b\u00f6lgelerde kontrolleri alt\u0131ndaki b\u00f6lgeleri de geni\u015flettiler. \u015eAM KIRSALI: SANA\u2019ya a\u00e7\u0131klama yapan saha komutan\u0131; ordu birliklerimizin bug\u00fcn \u015eam k\u0131rsal\u0131n\u0131n g\u00fcneybat\u0131s\u0131 Han el \u015eiyh B\u00f6lgesinde Kaide \u00d6rg\u00fct\u00fcn\u00fcn Suriye kolu olan ve \u0130srail\u2019den destek alan &hellip;<\/p>\n","protected":false},"author":1,"featured_media":93575,"comment_status":"closed","ping_status":"closed","sticky":false,"template":"","format":"standard","meta":{"footnotes":""},"categories":[575,17988],"tags":[17999],"class_list":["post-93571","post","type-post","status-publish","format-standard","has-post-thumbnail","","category-olaylar-ve-gercekler","category-son-haberler","tag-ordu-birliklerimiz-kontrolleri-altindaki-bolgeleri-genisletiyor"],"_links":{"self":[{"href":"https:\/\/archive.sana.sy\/tr\/index.php?rest_route=\/wp\/v2\/posts\/93571","targetHints":{"allow":["GET"]}}],"collection":[{"href":"https:\/\/archive.sana.sy\/tr\/index.php?rest_route=\/wp\/v2\/posts"}],"about":[{"href":"https:\/\/archive.sana.sy\/tr\/index.php?rest_route=\/wp\/v2\/types\/post"}],"author":[{"embeddable":true,"href":"https:\/\/archive.sana.sy\/tr\/index.php?rest_route=\/wp\/v2\/users\/1"}],"replies":[{"embeddable":true,"href":"https:\/\/archive.sana.sy\/tr\/index.php?rest_route=%2Fwp%2Fv2%2Fcomments&post=93571"}],"version-history":[{"count":0,"href":"https:\/\/archive.sana.sy\/tr\/index.php?rest_route=\/wp\/v2\/posts\/93571\/revisions"}],"wp:featuredmedia":[{"embeddable":true,"href":"https:\/\/archive.sana.sy\/tr\/index.php?rest_route=\/wp\/v2\/media\/93575"}],"wp:attachment":[{"href":"https:\/\/archive.sana.sy\/tr\/index.php?rest_route=%2Fwp%2Fv2%2Fmedia&parent=93571"}],"wp:term":[{"taxonomy":"category","embeddable":true,"href":"https:\/\/archive.sana.sy\/tr\/index.php?rest_route=%2Fwp%2Fv2%2Fcategories&post=93571"},{"taxonomy":"post_tag","embeddable":true,"href":"https:\/\/archive.sana.sy\/tr\/index.php?rest_route=%2Fwp%2Fv2%2Ftags&post=93571"}],"curies":[{"name":"wp","href":"https:\/\/api.w.org\/{rel}","templated":true}]}}