{"id":93572,"date":"2016-11-02T13:25:46","date_gmt":"2016-11-02T11:25:46","guid":{"rendered":"http:\/\/www.sana.sy\/tr\/?p=93572"},"modified":"2016-11-02T16:26:41","modified_gmt":"2016-11-02T14:26:41","slug":"askeri-kaynak-dera-beledte-sivillere-ait-mulklere-ve-tarim-arazilere-karsi-sabotaj-eylemlerinde-bulunan-bir-teror-grubunu-yogun-atese-tutmalariyla-grubun-tum-uyelerini-olu-ve-yarali-dusurup","status":"publish","type":"post","link":"https:\/\/archive.sana.sy\/tr\/?p=93572","title":{"rendered":"Askeri kaynak; Dera Beled\u2019te sivillere ait m\u00fclklere ve tar\u0131m arazilere kar\u015f\u0131 sabotaj eylemlerinde bulunan bir ter\u00f6r grubunu yo\u011fun ate\u015fe tutmalar\u0131yla grubun t\u00fcm \u00fcyelerini \u00f6l\u00fc ve yaral\u0131 d\u00fc\u015f\u00fcr\u00fcp kulland\u0131klar\u0131 bir dozeri ve cephanelerini de etkisizle\u015ftirdiklerini s\u00f6yledi"},"content":{"rendered":"<p>Askeri kaynak; Dera Beled\u2019te sivillere ait m\u00fclklere ve tar\u0131m arazilere kar\u015f\u0131 sabotaj eylemlerinde bulunan bir ter\u00f6r grubunu yo\u011fun ate\u015fe tutmalar\u0131yla grubun t\u00fcm \u00fcyelerini \u00f6l\u00fc ve yaral\u0131 d\u00fc\u015f\u00fcr\u00fcp kulland\u0131klar\u0131 bir dozeri ve cephanelerini de etkisizle\u015ftirdiklerini s\u00f6yledi<\/p>\n","protected":false},"excerpt":{"rendered":"<p>Askeri kaynak; Dera Beled\u2019te sivillere ait m\u00fclklere ve tar\u0131m arazilere kar\u015f\u0131 sabotaj eylemlerinde bulunan bir ter\u00f6r grubunu yo\u011fun ate\u015fe tutmalar\u0131yla grubun t\u00fcm \u00fcyelerini \u00f6l\u00fc ve yaral\u0131 d\u00fc\u015f\u00fcr\u00fcp kulland\u0131klar\u0131 bir dozeri ve cephanelerini de etkisizle\u015ftirdiklerini s\u00f6yledi<\/p>\n","protected":false},"author":1,"featured_media":0,"comment_status":"closed","ping_status":"closed","sticky":false,"template":"","format":"standard","meta":{"footnotes":""},"categories":[17991],"tags":[],"class_list":["post-93572","post","type-post","status-publish","format-standard","","category-son-dakika"],"_links":{"self":[{"href":"https:\/\/archive.sana.sy\/tr\/index.php?rest_route=\/wp\/v2\/posts\/93572","targetHints":{"allow":["GET"]}}],"collection":[{"href":"https:\/\/archive.sana.sy\/tr\/index.php?rest_route=\/wp\/v2\/posts"}],"about":[{"href":"https:\/\/archive.sana.sy\/tr\/index.php?rest_route=\/wp\/v2\/types\/post"}],"author":[{"embeddable":true,"href":"https:\/\/archive.sana.sy\/tr\/index.php?rest_route=\/wp\/v2\/users\/1"}],"replies":[{"embeddable":true,"href":"https:\/\/archive.sana.sy\/tr\/index.php?rest_route=%2Fwp%2Fv2%2Fcomments&post=93572"}],"version-history":[{"count":0,"href":"https:\/\/archive.sana.sy\/tr\/index.php?rest_route=\/wp\/v2\/posts\/93572\/revisions"}],"wp:attachment":[{"href":"https:\/\/archive.sana.sy\/tr\/index.php?rest_route=%2Fwp%2Fv2%2Fmedia&parent=93572"}],"wp:term":[{"taxonomy":"category","embeddable":true,"href":"https:\/\/archive.sana.sy\/tr\/index.php?rest_route=%2Fwp%2Fv2%2Fcategories&post=93572"},{"taxonomy":"post_tag","embeddable":true,"href":"https:\/\/archive.sana.sy\/tr\/index.php?rest_route=%2Fwp%2Fv2%2Ftags&post=93572"}],"curies":[{"name":"wp","href":"https:\/\/api.w.org\/{rel}","templated":true}]}}