{"id":9372,"date":"2014-09-08T09:05:30","date_gmt":"2014-09-08T06:05:30","guid":{"rendered":"http:\/\/www.sana.sy\/tr\/?p=9372"},"modified":"2014-09-08T13:29:29","modified_gmt":"2014-09-08T10:29:29","slug":"suriye-israile-karsi-direnis-yuzu-ve-bolgenin-sigortasidir","status":"publish","type":"post","link":"https:\/\/archive.sana.sy\/tr\/?p=9372","title":{"rendered":"Suriye \u0130srail\u2019e Kar\u015f\u0131 Direni\u015f Y\u00fcz\u00fc ve B\u00f6lgenin Sigortas\u0131d\u0131r"},"content":{"rendered":"<p>BEYRUT \u2013 L\u00fcbnan eski D\u0131\u015fi\u015fleri ve Gurbet\u00e7iler Bakan\u0131 Adnan Mansur, s\u00f6zde Arap Camias\u0131 kurumundan baz\u0131lar\u0131n\u0131n, b\u00f6lgenin \u0130srail\u2019e kar\u015f\u0131 direni\u015f y\u00fcz\u00fc ve sigortas\u0131 olan Suriye\u2019yle \u201chesaplar\u0131n\u0131 tasfiye etmek istedi\u011fini belirtti.<\/p>\n<p>Mansur, L\u00fcbnan\u2019\u0131n Sur Kentinde \u0130deoloji ve Edebiyat Forumunun d\u00fczenledi\u011fi seminerde, Suriye\u2019deki \u00e7\u00f6z\u00fcm\u00fcn silah g\u00f6ndermek veya b\u00f6lgeyi hegemonyas\u0131 alt\u0131na alan \u00fclkelerin komplolar\u0131 yoluyla olmayaca\u011f\u0131n\u0131 s\u00f6yledi.<\/p>\n<p>Mansur, Arap aleminde demokratik de\u011fi\u015fikli\u011fe kar\u015f\u0131 olmad\u0131klar\u0131n\u0131 lakin s\u00f6zde devrim ad\u0131 alt\u0131nda temsil olunan bu de\u011fi\u015fikli\u011fin b\u00f6lge \u00fclkeleri ve halklar\u0131 hesab\u0131na olmamas\u0131 gerekti\u011fini ve bu durumun \u00e7ok tehlikeli oldu\u011funu kaydetti.<\/p>\n","protected":false},"excerpt":{"rendered":"<p>BEYRUT \u2013 L\u00fcbnan eski D\u0131\u015fi\u015fleri ve Gurbet\u00e7iler Bakan\u0131 Adnan Mansur, s\u00f6zde Arap Camias\u0131 kurumundan baz\u0131lar\u0131n\u0131n, b\u00f6lgenin \u0130srail\u2019e kar\u015f\u0131 direni\u015f y\u00fcz\u00fc ve sigortas\u0131 olan Suriye\u2019yle \u201chesaplar\u0131n\u0131 tasfiye etmek istedi\u011fini belirtti. Mansur, L\u00fcbnan\u2019\u0131n Sur Kentinde \u0130deoloji ve Edebiyat Forumunun d\u00fczenledi\u011fi seminerde, Suriye\u2019deki \u00e7\u00f6z\u00fcm\u00fcn silah g\u00f6ndermek veya b\u00f6lgeyi hegemonyas\u0131 alt\u0131na alan \u00fclkelerin komplolar\u0131 yoluyla olmayaca\u011f\u0131n\u0131 s\u00f6yledi. Mansur, Arap &hellip;<\/p>\n","protected":false},"author":1,"featured_media":9373,"comment_status":"closed","ping_status":"closed","sticky":false,"template":"","format":"standard","meta":{"footnotes":""},"categories":[458,459,584],"tags":[2108],"class_list":["post-9372","post","type-post","status-publish","format-standard","has-post-thumbnail","","category-dunya1","category-haberler-arap-uluslararasi-politika","category-yurtdisinda-sana-ofisleri","tag-suriye-israile-karsi-direnis-yuzu-ve-bolgenin-sigortasidir"],"_links":{"self":[{"href":"https:\/\/archive.sana.sy\/tr\/index.php?rest_route=\/wp\/v2\/posts\/9372","targetHints":{"allow":["GET"]}}],"collection":[{"href":"https:\/\/archive.sana.sy\/tr\/index.php?rest_route=\/wp\/v2\/posts"}],"about":[{"href":"https:\/\/archive.sana.sy\/tr\/index.php?rest_route=\/wp\/v2\/types\/post"}],"author":[{"embeddable":true,"href":"https:\/\/archive.sana.sy\/tr\/index.php?rest_route=\/wp\/v2\/users\/1"}],"replies":[{"embeddable":true,"href":"https:\/\/archive.sana.sy\/tr\/index.php?rest_route=%2Fwp%2Fv2%2Fcomments&post=9372"}],"version-history":[{"count":0,"href":"https:\/\/archive.sana.sy\/tr\/index.php?rest_route=\/wp\/v2\/posts\/9372\/revisions"}],"wp:featuredmedia":[{"embeddable":true,"href":"https:\/\/archive.sana.sy\/tr\/index.php?rest_route=\/wp\/v2\/media\/9373"}],"wp:attachment":[{"href":"https:\/\/archive.sana.sy\/tr\/index.php?rest_route=%2Fwp%2Fv2%2Fmedia&parent=9372"}],"wp:term":[{"taxonomy":"category","embeddable":true,"href":"https:\/\/archive.sana.sy\/tr\/index.php?rest_route=%2Fwp%2Fv2%2Fcategories&post=9372"},{"taxonomy":"post_tag","embeddable":true,"href":"https:\/\/archive.sana.sy\/tr\/index.php?rest_route=%2Fwp%2Fv2%2Ftags&post=9372"}],"curies":[{"name":"wp","href":"https:\/\/api.w.org\/{rel}","templated":true}]}}