{"id":93797,"date":"2016-11-05T12:00:52","date_gmt":"2016-11-05T10:00:52","guid":{"rendered":"http:\/\/www.sana.sy\/tr\/?p=93797"},"modified":"2016-11-07T10:08:46","modified_gmt":"2016-11-07T08:08:46","slug":"gundem-misira-ihracat-hacmini-arttirma-olanaklari","status":"publish","type":"post","link":"https:\/\/archive.sana.sy\/tr\/?p=93797","title":{"rendered":"G\u00fcndem, M\u0131s\u0131r\u2019a \u0130hracat Hacmini Artt\u0131rma Olanaklar\u0131"},"content":{"rendered":"<p>\u015eAM \u2013 Yerel \u00dcretim ve \u0130hracat\u0131 Kalk\u0131nd\u0131rma Kurumu M\u0131s\u0131r\u2019da Suriyeli \u0130\u015fadamlar\u0131 Toplulu\u011fu ile Suriye \u00fcr\u00fcnlerinin M\u0131s\u0131r\u2019a ihracat\u0131n\u0131 artt\u0131rma olanaklar\u0131n\u0131 masaya yat\u0131rd\u0131.<\/p>\n<p>M\u0131s\u0131r\u2019a ihra\u00e7 edilen Suriye \u00fcr\u00fcnlerinin nitelik ve nicelik a\u00e7\u0131s\u0131ndan artt\u0131r\u0131lmas\u0131 \u00f6neminin alt\u0131 \u00e7izildi\u011fi g\u00f6r\u00fc\u015fmede kurum genel m\u00fcd\u00fcr\u00fc Mehdi el Dali; Ekonomi ve D\u0131\u015f Ticaret Bakanl\u0131\u011f\u0131n\u0131n muhtelif devletlere ihracat\u0131 artt\u0131rma \u00f6zenine dikkat \u00e7ekti. Dali bakanl\u0131\u011f\u0131n bu y\u00f6ndeki engel ve sorunlar\u0131n kald\u0131r\u0131lmas\u0131 amac\u0131yla yo\u011fun \u00e7abalar ve icraatlar oldu\u011funu kaydetti.<\/p>\n<p>M\u0131s\u0131r piyasas\u0131n\u0131n Suriye \u00fcr\u00fcnleri a\u00e7\u0131s\u0131ndan \u00f6nemine i\u015faret eden Dali; M\u0131s\u0131r\u2019da bulunan i\u015fadamlar\u0131n\u0131n da iki karde\u015f \u00fclke aras\u0131ndaki ticari al\u0131\u015fveri\u015fi artt\u0131rmada \u00f6nemli bir role sahip olduklar\u0131n\u0131 kaydetti.<\/p>\n<p>M\u0131s\u0131r\u2019da Suriyeli \u0130\u015fadamlar\u0131 Toplulu\u011fu Ba\u015fkan\u0131 Haldun el Muvakka ise M\u0131s\u0131r piyasas\u0131nda \u2018Suriye&#8217;de \u00dcretilmi\u015ftir\u2019 slogan\u0131n\u0131n korunmas\u0131 gere\u011fine dikkat \u00e7ekerken Suriyeli \u00fcr\u00fcnlerin b\u00fcy\u00fck ilgi g\u00f6rd\u00fc\u011f\u00fcn\u00fc ifade etti.<\/p>\n","protected":false},"excerpt":{"rendered":"<p>\u015eAM \u2013 Yerel \u00dcretim ve \u0130hracat\u0131 Kalk\u0131nd\u0131rma Kurumu M\u0131s\u0131r\u2019da Suriyeli \u0130\u015fadamlar\u0131 Toplulu\u011fu ile Suriye \u00fcr\u00fcnlerinin M\u0131s\u0131r\u2019a ihracat\u0131n\u0131 artt\u0131rma olanaklar\u0131n\u0131 masaya yat\u0131rd\u0131. M\u0131s\u0131r\u2019a ihra\u00e7 edilen Suriye \u00fcr\u00fcnlerinin nitelik ve nicelik a\u00e7\u0131s\u0131ndan artt\u0131r\u0131lmas\u0131 \u00f6neminin alt\u0131 \u00e7izildi\u011fi g\u00f6r\u00fc\u015fmede kurum genel m\u00fcd\u00fcr\u00fc Mehdi el Dali; Ekonomi ve D\u0131\u015f Ticaret Bakanl\u0131\u011f\u0131n\u0131n muhtelif devletlere ihracat\u0131 artt\u0131rma \u00f6zenine dikkat \u00e7ekti. Dali bakanl\u0131\u011f\u0131n &hellip;<\/p>\n","protected":false},"author":1,"featured_media":93800,"comment_status":"closed","ping_status":"closed","sticky":false,"template":"","format":"standard","meta":{"footnotes":""},"categories":[485,486,17988],"tags":[25092,25094,25093,25091,23536,25095,25096],"class_list":["post-93797","post","type-post","status-publish","format-standard","has-post-thumbnail","","category-is-ve-sermaye","category-haberler-is-ve-sermaye","category-son-haberler","tag-ekonomik-iiskiler","tag-misira-ihracat","tag-suriye-ihracati","tag-suriye-ve-misir","tag-suriyede-uretilmistir","tag-suriyeli-isadamlari","tag-yerel-uretim-ve-ihracati-kalkindirma-kurumu"],"_links":{"self":[{"href":"https:\/\/archive.sana.sy\/tr\/index.php?rest_route=\/wp\/v2\/posts\/93797","targetHints":{"allow":["GET"]}}],"collection":[{"href":"https:\/\/archive.sana.sy\/tr\/index.php?rest_route=\/wp\/v2\/posts"}],"about":[{"href":"https:\/\/archive.sana.sy\/tr\/index.php?rest_route=\/wp\/v2\/types\/post"}],"author":[{"embeddable":true,"href":"https:\/\/archive.sana.sy\/tr\/index.php?rest_route=\/wp\/v2\/users\/1"}],"replies":[{"embeddable":true,"href":"https:\/\/archive.sana.sy\/tr\/index.php?rest_route=%2Fwp%2Fv2%2Fcomments&post=93797"}],"version-history":[{"count":0,"href":"https:\/\/archive.sana.sy\/tr\/index.php?rest_route=\/wp\/v2\/posts\/93797\/revisions"}],"wp:featuredmedia":[{"embeddable":true,"href":"https:\/\/archive.sana.sy\/tr\/index.php?rest_route=\/wp\/v2\/media\/93800"}],"wp:attachment":[{"href":"https:\/\/archive.sana.sy\/tr\/index.php?rest_route=%2Fwp%2Fv2%2Fmedia&parent=93797"}],"wp:term":[{"taxonomy":"category","embeddable":true,"href":"https:\/\/archive.sana.sy\/tr\/index.php?rest_route=%2Fwp%2Fv2%2Fcategories&post=93797"},{"taxonomy":"post_tag","embeddable":true,"href":"https:\/\/archive.sana.sy\/tr\/index.php?rest_route=%2Fwp%2Fv2%2Ftags&post=93797"}],"curies":[{"name":"wp","href":"https:\/\/api.w.org\/{rel}","templated":true}]}}