{"id":93822,"date":"2016-11-05T09:13:49","date_gmt":"2016-11-05T07:13:49","guid":{"rendered":"http:\/\/www.sana.sy\/tr\/?p=93822"},"modified":"2016-11-05T13:57:54","modified_gmt":"2016-11-05T11:57:54","slug":"diger-yandan-askeri-kaynak-hava-guclerimizin-oglen-saatlerinde-idlib-kirsalinin-guneyi-heys-bolgesinde-nusra-cephesi-ahrar-el-sam-islami-hareketi-ve-cund-el-aksa-adlariyla-bilinen-ve-saflarinda-cok-s","status":"publish","type":"post","link":"https:\/\/archive.sana.sy\/tr\/?p=93822","title":{"rendered":"Di\u011fer yandan askeri kaynak Hava g\u00fc\u00e7lerimizin \u00f6\u011flen saatlerinde \u0130dlib k\u0131rsal\u0131n\u0131n g\u00fcneyi Hey\u015f B\u00f6lgesinde Nusra Cephesi, Ahrar el \u015eam \u0130slami Hareketi ve Cund el Aksa adlar\u0131yla bilinen ve saflar\u0131nda \u00e7ok say\u0131da yabanc\u0131 az\u0131l\u0131 ter\u00f6risti bar\u0131nd\u0131ran \u2018Cey\u015ful Fetih\u2019 ad\u0131 alt\u0131nda toplanan ter\u00f6ristlerin siper ve karargahlar\u0131n\u0131 imha ettiklerini aktard\u0131"},"content":{"rendered":"<p>Di\u011fer yandan askeri kaynak Hava g\u00fc\u00e7lerimizin \u00f6\u011flen saatlerinde \u0130dlib k\u0131rsal\u0131n\u0131n g\u00fcneyi Hey\u015f B\u00f6lgesinde Nusra Cephesi, Ahrar el \u015eam \u0130slami Hareketi ve Cund el Aksa adlar\u0131yla bilinen ve saflar\u0131nda \u00e7ok say\u0131da yabanc\u0131 az\u0131l\u0131 ter\u00f6risti bar\u0131nd\u0131ran \u2018Cey\u015ful Fetih\u2019 ad\u0131 alt\u0131nda toplanan ter\u00f6ristlerin siper ve karargahlar\u0131n\u0131 imha ettiklerini aktard\u0131<\/p>\n","protected":false},"excerpt":{"rendered":"<p>Di\u011fer yandan askeri kaynak Hava g\u00fc\u00e7lerimizin \u00f6\u011flen saatlerinde \u0130dlib k\u0131rsal\u0131n\u0131n g\u00fcneyi Hey\u015f B\u00f6lgesinde Nusra Cephesi, Ahrar el \u015eam \u0130slami Hareketi ve Cund el Aksa adlar\u0131yla bilinen ve saflar\u0131nda \u00e7ok say\u0131da yabanc\u0131 az\u0131l\u0131 ter\u00f6risti bar\u0131nd\u0131ran \u2018Cey\u015ful Fetih\u2019 ad\u0131 alt\u0131nda toplanan ter\u00f6ristlerin siper ve karargahlar\u0131n\u0131 imha ettiklerini aktard\u0131<\/p>\n","protected":false},"author":1,"featured_media":0,"comment_status":"closed","ping_status":"closed","sticky":false,"template":"","format":"standard","meta":{"footnotes":""},"categories":[17991],"tags":[],"class_list":["post-93822","post","type-post","status-publish","format-standard","","category-son-dakika"],"_links":{"self":[{"href":"https:\/\/archive.sana.sy\/tr\/index.php?rest_route=\/wp\/v2\/posts\/93822","targetHints":{"allow":["GET"]}}],"collection":[{"href":"https:\/\/archive.sana.sy\/tr\/index.php?rest_route=\/wp\/v2\/posts"}],"about":[{"href":"https:\/\/archive.sana.sy\/tr\/index.php?rest_route=\/wp\/v2\/types\/post"}],"author":[{"embeddable":true,"href":"https:\/\/archive.sana.sy\/tr\/index.php?rest_route=\/wp\/v2\/users\/1"}],"replies":[{"embeddable":true,"href":"https:\/\/archive.sana.sy\/tr\/index.php?rest_route=%2Fwp%2Fv2%2Fcomments&post=93822"}],"version-history":[{"count":0,"href":"https:\/\/archive.sana.sy\/tr\/index.php?rest_route=\/wp\/v2\/posts\/93822\/revisions"}],"wp:attachment":[{"href":"https:\/\/archive.sana.sy\/tr\/index.php?rest_route=%2Fwp%2Fv2%2Fmedia&parent=93822"}],"wp:term":[{"taxonomy":"category","embeddable":true,"href":"https:\/\/archive.sana.sy\/tr\/index.php?rest_route=%2Fwp%2Fv2%2Fcategories&post=93822"},{"taxonomy":"post_tag","embeddable":true,"href":"https:\/\/archive.sana.sy\/tr\/index.php?rest_route=%2Fwp%2Fv2%2Ftags&post=93822"}],"curies":[{"name":"wp","href":"https:\/\/api.w.org\/{rel}","templated":true}]}}