{"id":93826,"date":"2016-11-05T09:48:08","date_gmt":"2016-11-05T07:48:08","guid":{"rendered":"http:\/\/www.sana.sy\/tr\/?p=93826"},"modified":"2016-11-05T14:11:54","modified_gmt":"2016-11-05T12:11:54","slug":"hava-guclerimizin-hama-kirsalinin-kuzeyi-ve-dogusunda-erdogan-ve-al-suud-rejimlerine-tabi-ceysul-islam-ve-isid-cetelerinin-mevki-karargah-ve-hareketlenmelerini-yogun-atese-tuttuklar","status":"publish","type":"post","link":"https:\/\/archive.sana.sy\/tr\/?p=93826","title":{"rendered":"Hava g\u00fc\u00e7lerimizin Hama k\u0131rsal\u0131n\u0131n kuzeyi ve do\u011fusunda Erdo\u011fan ve Al Suud rejimlerine tabi \u2018Cey\u015ful \u0130slam\u2019 ve I\u015e\u0130D \u00e7etelerinin mevki, karargah ve hareketlenmelerini yo\u011fun ate\u015fe tuttuklar\u0131n\u0131 kaydeden askeri kaynak; operasyonlarda bu radikal \u00e7etelerin ciddi kay\u0131plara u\u011frat\u0131ld\u0131klar\u0131n\u0131 belirtti"},"content":{"rendered":"<p>Hava g\u00fc\u00e7lerimizin Hama k\u0131rsal\u0131n\u0131n kuzeyi ve do\u011fusunda Erdo\u011fan ve Al Suud rejimlerine tabi \u2018Cey\u015ful \u0130slam\u2019 ve I\u015e\u0130D \u00e7etelerinin mevki, karargah ve hareketlenmelerini yo\u011fun ate\u015fe tuttuklar\u0131n\u0131 kaydeden askeri kaynak; operasyonlarda bu radikal \u00e7etelerin ciddi kay\u0131plara u\u011frat\u0131ld\u0131klar\u0131n\u0131 belirtti<\/p>\n","protected":false},"excerpt":{"rendered":"<p>Hava g\u00fc\u00e7lerimizin Hama k\u0131rsal\u0131n\u0131n kuzeyi ve do\u011fusunda Erdo\u011fan ve Al Suud rejimlerine tabi \u2018Cey\u015ful \u0130slam\u2019 ve I\u015e\u0130D \u00e7etelerinin mevki, karargah ve hareketlenmelerini yo\u011fun ate\u015fe tuttuklar\u0131n\u0131 kaydeden askeri kaynak; operasyonlarda bu radikal \u00e7etelerin ciddi kay\u0131plara u\u011frat\u0131ld\u0131klar\u0131n\u0131 belirtti<\/p>\n","protected":false},"author":1,"featured_media":0,"comment_status":"closed","ping_status":"closed","sticky":false,"template":"","format":"standard","meta":{"footnotes":""},"categories":[17991],"tags":[],"class_list":["post-93826","post","type-post","status-publish","format-standard","","category-son-dakika"],"_links":{"self":[{"href":"https:\/\/archive.sana.sy\/tr\/index.php?rest_route=\/wp\/v2\/posts\/93826","targetHints":{"allow":["GET"]}}],"collection":[{"href":"https:\/\/archive.sana.sy\/tr\/index.php?rest_route=\/wp\/v2\/posts"}],"about":[{"href":"https:\/\/archive.sana.sy\/tr\/index.php?rest_route=\/wp\/v2\/types\/post"}],"author":[{"embeddable":true,"href":"https:\/\/archive.sana.sy\/tr\/index.php?rest_route=\/wp\/v2\/users\/1"}],"replies":[{"embeddable":true,"href":"https:\/\/archive.sana.sy\/tr\/index.php?rest_route=%2Fwp%2Fv2%2Fcomments&post=93826"}],"version-history":[{"count":0,"href":"https:\/\/archive.sana.sy\/tr\/index.php?rest_route=\/wp\/v2\/posts\/93826\/revisions"}],"wp:attachment":[{"href":"https:\/\/archive.sana.sy\/tr\/index.php?rest_route=%2Fwp%2Fv2%2Fmedia&parent=93826"}],"wp:term":[{"taxonomy":"category","embeddable":true,"href":"https:\/\/archive.sana.sy\/tr\/index.php?rest_route=%2Fwp%2Fv2%2Fcategories&post=93826"},{"taxonomy":"post_tag","embeddable":true,"href":"https:\/\/archive.sana.sy\/tr\/index.php?rest_route=%2Fwp%2Fv2%2Ftags&post=93826"}],"curies":[{"name":"wp","href":"https:\/\/api.w.org\/{rel}","templated":true}]}}