{"id":93838,"date":"2016-11-05T11:38:06","date_gmt":"2016-11-05T09:38:06","guid":{"rendered":"http:\/\/www.sana.sy\/tr\/?p=93838"},"modified":"2016-11-05T14:22:05","modified_gmt":"2016-11-05T12:22:05","slug":"hava-guclerimizin-homs-kirsalinin-dogusunda-sair-petrol-sahasinin-kuzeybatisina-dusen-hveysis-bolgesinde-isidin-mevkilerini-imha-ettiklerini-aktaran-kaynak-radikal-cetelerin-burada-sayi-ve-a","status":"publish","type":"post","link":"https:\/\/archive.sana.sy\/tr\/?p=93838","title":{"rendered":"Hava g\u00fc\u00e7lerimizin Homs k\u0131rsal\u0131n\u0131n do\u011fusunda \u015eair Petrol Sahas\u0131n\u0131n kuzeybat\u0131s\u0131na d\u00fc\u015fen Hveysis B\u00f6lgesinde I\u015e\u0130D\u2019in mevkilerini imha ettiklerini aktaran kaynak, radikal \u00e7etelerin burada say\u0131 ve ara\u00e7lar\u0131yla kay\u0131plara u\u011frat\u0131ld\u0131klar\u0131na dikkat \u00e7ekti"},"content":{"rendered":"<p>Hava g\u00fc\u00e7lerimizin Homs k\u0131rsal\u0131n\u0131n do\u011fusunda \u015eair Petrol Sahas\u0131n\u0131n kuzeybat\u0131s\u0131na d\u00fc\u015fen Hveysis B\u00f6lgesinde I\u015e\u0130D\u2019in mevkilerini imha ettiklerini aktaran kaynak, radikal \u00e7etelerin burada say\u0131 ve ara\u00e7lar\u0131yla kay\u0131plara u\u011frat\u0131ld\u0131klar\u0131na dikkat \u00e7ekti<\/p>\n","protected":false},"excerpt":{"rendered":"<p>Hava g\u00fc\u00e7lerimizin Homs k\u0131rsal\u0131n\u0131n do\u011fusunda \u015eair Petrol Sahas\u0131n\u0131n kuzeybat\u0131s\u0131na d\u00fc\u015fen Hveysis B\u00f6lgesinde I\u015e\u0130D\u2019in mevkilerini imha ettiklerini aktaran kaynak, radikal \u00e7etelerin burada say\u0131 ve ara\u00e7lar\u0131yla kay\u0131plara u\u011frat\u0131ld\u0131klar\u0131na dikkat \u00e7ekti<\/p>\n","protected":false},"author":1,"featured_media":0,"comment_status":"closed","ping_status":"closed","sticky":false,"template":"","format":"standard","meta":{"footnotes":""},"categories":[17991],"tags":[],"class_list":["post-93838","post","type-post","status-publish","format-standard","","category-son-dakika"],"_links":{"self":[{"href":"https:\/\/archive.sana.sy\/tr\/index.php?rest_route=\/wp\/v2\/posts\/93838","targetHints":{"allow":["GET"]}}],"collection":[{"href":"https:\/\/archive.sana.sy\/tr\/index.php?rest_route=\/wp\/v2\/posts"}],"about":[{"href":"https:\/\/archive.sana.sy\/tr\/index.php?rest_route=\/wp\/v2\/types\/post"}],"author":[{"embeddable":true,"href":"https:\/\/archive.sana.sy\/tr\/index.php?rest_route=\/wp\/v2\/users\/1"}],"replies":[{"embeddable":true,"href":"https:\/\/archive.sana.sy\/tr\/index.php?rest_route=%2Fwp%2Fv2%2Fcomments&post=93838"}],"version-history":[{"count":0,"href":"https:\/\/archive.sana.sy\/tr\/index.php?rest_route=\/wp\/v2\/posts\/93838\/revisions"}],"wp:attachment":[{"href":"https:\/\/archive.sana.sy\/tr\/index.php?rest_route=%2Fwp%2Fv2%2Fmedia&parent=93838"}],"wp:term":[{"taxonomy":"category","embeddable":true,"href":"https:\/\/archive.sana.sy\/tr\/index.php?rest_route=%2Fwp%2Fv2%2Fcategories&post=93838"},{"taxonomy":"post_tag","embeddable":true,"href":"https:\/\/archive.sana.sy\/tr\/index.php?rest_route=%2Fwp%2Fv2%2Ftags&post=93838"}],"curies":[{"name":"wp","href":"https:\/\/api.w.org\/{rel}","templated":true}]}}