{"id":93841,"date":"2016-11-05T11:35:11","date_gmt":"2016-11-05T09:35:11","guid":{"rendered":"http:\/\/www.sana.sy\/tr\/?p=93841"},"modified":"2016-11-05T14:21:43","modified_gmt":"2016-11-05T12:21:43","slug":"askeri-kaynak-hava-guclerimizin-homs-kirsalinin-kuzeyi-ganto-ve-teyr-male-bolgelerinde-nusra-cephesinin-karargahlari-siperleri-ve-hareket-eksenlerini-imha-etmeleriyle-radikal-teroristlerden-bircogunu","status":"publish","type":"post","link":"https:\/\/archive.sana.sy\/tr\/?p=93841","title":{"rendered":"Askeri kaynak hava g\u00fc\u00e7lerimizin Homs k\u0131rsal\u0131n\u0131n kuzeyi Ganto ve Teyr Male b\u00f6lgelerinde Nusra Cephesinin karargahlar\u0131, siperleri ve hareket eksenlerini imha etmeleriyle radikal ter\u00f6ristlerden bir\u00e7o\u011funun ekipmanlar\u0131yla birlikte etkisizle\u015ftirildiklerini belirtti"},"content":{"rendered":"<p>Askeri kaynak hava g\u00fc\u00e7lerimizin Homs k\u0131rsal\u0131n\u0131n kuzeyi Ganto ve Teyr Male b\u00f6lgelerinde Nusra Cephesinin karargahlar\u0131, siperleri ve hareket eksenlerini imha etmeleriyle radikal ter\u00f6ristlerden bir\u00e7o\u011funun ekipmanlar\u0131yla birlikte etkisizle\u015ftirildiklerini belirtti<\/p>\n","protected":false},"excerpt":{"rendered":"<p>Askeri kaynak hava g\u00fc\u00e7lerimizin Homs k\u0131rsal\u0131n\u0131n kuzeyi Ganto ve Teyr Male b\u00f6lgelerinde Nusra Cephesinin karargahlar\u0131, siperleri ve hareket eksenlerini imha etmeleriyle radikal ter\u00f6ristlerden bir\u00e7o\u011funun ekipmanlar\u0131yla birlikte etkisizle\u015ftirildiklerini belirtti<\/p>\n","protected":false},"author":1,"featured_media":0,"comment_status":"closed","ping_status":"closed","sticky":false,"template":"","format":"standard","meta":{"footnotes":""},"categories":[17991],"tags":[],"class_list":["post-93841","post","type-post","status-publish","format-standard","","category-son-dakika"],"_links":{"self":[{"href":"https:\/\/archive.sana.sy\/tr\/index.php?rest_route=\/wp\/v2\/posts\/93841","targetHints":{"allow":["GET"]}}],"collection":[{"href":"https:\/\/archive.sana.sy\/tr\/index.php?rest_route=\/wp\/v2\/posts"}],"about":[{"href":"https:\/\/archive.sana.sy\/tr\/index.php?rest_route=\/wp\/v2\/types\/post"}],"author":[{"embeddable":true,"href":"https:\/\/archive.sana.sy\/tr\/index.php?rest_route=\/wp\/v2\/users\/1"}],"replies":[{"embeddable":true,"href":"https:\/\/archive.sana.sy\/tr\/index.php?rest_route=%2Fwp%2Fv2%2Fcomments&post=93841"}],"version-history":[{"count":0,"href":"https:\/\/archive.sana.sy\/tr\/index.php?rest_route=\/wp\/v2\/posts\/93841\/revisions"}],"wp:attachment":[{"href":"https:\/\/archive.sana.sy\/tr\/index.php?rest_route=%2Fwp%2Fv2%2Fmedia&parent=93841"}],"wp:term":[{"taxonomy":"category","embeddable":true,"href":"https:\/\/archive.sana.sy\/tr\/index.php?rest_route=%2Fwp%2Fv2%2Fcategories&post=93841"},{"taxonomy":"post_tag","embeddable":true,"href":"https:\/\/archive.sana.sy\/tr\/index.php?rest_route=%2Fwp%2Fv2%2Ftags&post=93841"}],"curies":[{"name":"wp","href":"https:\/\/api.w.org\/{rel}","templated":true}]}}