{"id":9385,"date":"2014-09-09T10:25:43","date_gmt":"2014-09-09T07:25:43","guid":{"rendered":"http:\/\/www.sana.sy\/tr\/?p=9385"},"modified":"2014-09-09T13:27:10","modified_gmt":"2014-09-09T10:27:10","slug":"teror-hucrelerinin-hedef-alinmasiyla-teroristlerin-agir-kayiplari-suruyor","status":"publish","type":"post","link":"https:\/\/archive.sana.sy\/tr\/?p=9385","title":{"rendered":"Ter\u00f6r H\u00fccrelerinin Hedef Al\u0131nmas\u0131yla Ter\u00f6ristlerin A\u011f\u0131r Kay\u0131plar\u0131 S\u00fcr\u00fcyor"},"content":{"rendered":"<p>\u0130LLER \u2013 Ordu birliklerimizin \u00fclkenin muhtelif b\u00f6lgelerinde ter\u00f6r ve ter\u00f6ristlere y\u00f6nelik s\u00fcrd\u00fcrd\u00fckleri m\u00fccadeleleri ba\u015far\u0131larla s\u00fcrerken ter\u00f6ristlerin say\u0131 ve te\u00e7hizat bak\u0131m\u0131ndan a\u011f\u0131r kay\u0131plar\u0131 da s\u00fcr\u00fcyor.<\/p>\n<p><span style=\"color: #0000ff\">\u015eam K\u0131rsal\u0131nda Ter\u00f6r H\u00fccreleri Hedef Al\u0131nd\u0131<\/span><\/p>\n<p>Askeri kaynak, ordu birliklerimizin Cobar Semtinde ilerlemesi esnas\u0131nda \u00e7ok say\u0131da ter\u00f6risti \u00f6ld\u00fcrd\u00fcklerini ve bir ka\u00e7 h\u00fccrelerini de imha ettiklerini, ayr\u0131ca bomba imha ekiplerinin ter\u00f6ristlerin uzaktan patlatmak amac\u0131yla sokaklar\u0131n ve ahalilerin evlerine yerle\u015ftirdi\u011fi \u00e7ok say\u0131da bomba d\u00fczene\u011fini de etkisiz hale getirdiklerini s\u00f6yledi.<\/p>\n<p>Kaynak, ordu birliklerimizin aralar\u0131nda Suudili ve Sudanl\u0131 ter\u00f6ristlerin de bulundu\u011fu \u00e7ok say\u0131da ter\u00f6risti \u00f6ld\u00fcrmeleri akabinde Cobar\u2019\u0131n kuzey ve g\u00fcney taraflar\u0131ndan \u00f6nemli ilerlemeler kaydettiklerini, buna paralel olarak birliklerimizin Ayn Terma Vadisinde d\u00fczenledi\u011fi operasyonda da \u00e7ok say\u0131da ter\u00f6ristin \u00f6l\u00fc ve yaral\u0131 d\u00fc\u015f\u00fcr\u00fcld\u00fc\u011f\u00fcn\u00fc ellerindeki silah ve cephaneyi de imha ettiklerini ifade etti.<\/p>\n<p>Adra el Beled B\u00f6lgesi el Eseri Camii yak\u0131nlar\u0131 ile sahabe Hicr Bin Udey\u2019in mezar\u0131 \u00e7evresinde silah ve cephane y\u00fckl\u00fc 3 arac\u0131 i\u00e7indeki ter\u00f6ristlerle birlikte etkisiz hale getirdiklerini, Arbin Beldesi Osman Camii yak\u0131nlar\u0131nda bir ter\u00f6r h\u00fccresinin i\u00e7indeki ter\u00f6ristlerle birlikte etkisiz hale getirildi\u011fini vurgulad\u0131.<\/p>\n<p>Bu arada ordu birliklerimiz, do\u011fu Guta\u2019n\u0131n derinli\u011findeki el Tabbah Mezralar\u0131n\u0131n do\u011fusu, Zebdin ve Deyr el Asafir b\u00f6lgelerinde ter\u00f6ristlerle ya\u015fanan \u00e7at\u0131\u015fmalar sonucunda \u00e7ok say\u0131da ter\u00f6rist \u00f6l\u00fc ve yaral\u0131 d\u00fc\u015f\u00fcr\u00fclerek ellerindeki silah ve cephaneyi de imha etti.<\/p>\n<p>Askeri kaynak, ordu birliklerimizin \u015eam k\u0131rsal\u0131 Han el \u015eih Fusul el Erbaa (d\u00f6rt mevsim) ve Said Caddeleri ile H\u00fcseyniye\u2019nin bat\u0131s\u0131ndaki Mezralarda ter\u00f6ristlerin h\u00fccre e toplanma merkezlerini almalar\u0131 sonucunda \u00e7ok say\u0131da ter\u00f6ristin \u00f6l\u00fc ve yaral\u0131 d\u00fc\u015f\u00fcr\u00fcld\u00fc\u011f\u00fcn\u00fc s\u00f6yledi.<\/p>\n<p>Cobar cephesinde tekfirci ve kiral\u0131klara kar\u015f\u0131 sabit ad\u0131mlarla ilerlemelerini s\u00fcrd\u00fcren ordu birliklerimiz bir\u00e7ok yuvalar\u0131n\u0131 imha ederek \u00e7ok say\u0131da ter\u00f6risti \u00f6l\u00fc yaral\u0131 d\u00fc\u015f\u00fcr\u00fcrken, \u00e7ok say\u0131da bomba d\u00fczene\u011fi ve bubi tuzaklar\u0131n\u0131 etkisiz hale getirip bir t\u00fcnel \u015febekelerini de ele ge\u00e7irdi.<\/p>\n<p>Cobar Cephesinden kareler:<\/p>\n<div style=\"width: 618px;\" class=\"wp-video\"><!--[if lt IE 9]><script>document.createElement('video');<\/script><![endif]-->\n<video class=\"wp-video-shortcode\" id=\"video-9385-1\" width=\"618\" height=\"348\" preload=\"metadata\" controls=\"controls\"><source type=\"video\/x-flv\" src=\"http:\/\/www.sana.sy\/tr\/wp-content\/uploads\/2014\/09\/Cobar.flv?_=1\" \/><a href=\"http:\/\/www.sana.sy\/tr\/wp-content\/uploads\/2014\/09\/Cobar.flv\">http:\/\/www.sana.sy\/tr\/wp-content\/uploads\/2014\/09\/Cobar.flv<\/a><\/video><\/div>\n<p><span style=\"color: #0000ff\">Kunaytra K\u0131rsal\u0131nda Ter\u00f6rist H\u00fccre ve Toplanma Merkezleri Hedef Al\u0131nd\u0131<\/span><\/p>\n<p>Askeri bir kaynak SANA saha muhabirine a\u00e7\u0131klamas\u0131nda ordu birliklerimizin Kunaytra k\u0131rsal\u0131n\u0131n g\u00fcneyinde tekfirci ve kiral\u0131k ter\u00f6r \u00e7etelerine kar\u015f\u0131 bir dizi nitelikli operasyonda bulunduklar\u0131n\u0131 belirtirken i\u015fgalci \u0130srail&#8217;in deste\u011fine ra\u011fmen ter\u00f6ristlerin say\u0131 ve te\u00e7hizatlar\u0131yla olduk\u00e7a b\u00fcy\u00fck kay\u0131plara u\u011frat\u0131ld\u0131klar\u0131n\u0131 belirtti.<\/p>\n<p>Askeri kaynak, ordu birliklerimizin Kunaytra k\u0131rsal\u0131 Kemmune, Tel el Meshara bat\u0131s\u0131ndaki Bilimsel Ara\u015ft\u0131rmalar Merkezi \u00e7evresi ve Huseyno K\u00f6y\u00fcnde ter\u00f6ristlerin h\u00fccre ve toplanma merkezlerini hedef almalar\u0131 sonucunda \u00e7ok say\u0131da ter\u00f6ristin \u00f6l\u00fc ve yaral\u0131 d\u00fc\u015f\u00fcr\u00fcld\u00fc\u011f\u00fcn\u00fc belirtti.<\/p>\n<p>Kaynak, \u00a0ordu birliklerimizin Kunaytra k\u0131rsal\u0131 Kemmune Beldesi \u00e7evresindeki Nebi el Sahr ve El M\u00fcrbiat\u2019tan Meshara Beldesine do\u011fru gitmekte olan ter\u00f6rist, silah ve cephane dolu bir kamyon ile zirai trakt\u00f6r\u00fc imha ettiklerini s\u00f6yledi.<\/p>\n<div style=\"width: 618px;\" class=\"wp-video\"><video class=\"wp-video-shortcode\" id=\"video-9385-2\" width=\"618\" height=\"348\" preload=\"metadata\" controls=\"controls\"><source type=\"video\/x-flv\" src=\"http:\/\/www.sana.sy\/tr\/wp-content\/uploads\/2014\/09\/Kunaytra1.flv?_=2\" \/><a href=\"http:\/\/www.sana.sy\/tr\/wp-content\/uploads\/2014\/09\/Kunaytra1.flv\">http:\/\/www.sana.sy\/tr\/wp-content\/uploads\/2014\/09\/Kunaytra1.flv<\/a><\/video><\/div>\n<p><span style=\"color: #0000ff\">Halep ve K\u0131rsal\u0131nda \u00c7ok Say\u0131da Ter\u00f6rist \u00d6ld\u00fcr\u00fcld\u00fc<\/span><\/p>\n<p>Askeri kaynak, ordu birliklerimizin Halep Mansura\u2019daki Elektrik \u015eirketi yak\u0131nlar\u0131 ve Halep k\u0131rsal\u0131n\u0131n \u015eerba ve Kalkal B\u00f6lgelerinde \u00e7ok say\u0131da ter\u00f6risti \u00f6l\u00fc ve yaral\u0131 d\u00fc\u015f\u00fcrerek i\u00e7indeki ter\u00f6ristlerle birlikte 3 ara\u00e7lar\u0131n\u0131 da etkisiz hale getirdiklerini s\u00f6yledi.<\/p>\n<p>Kaynak, birliklerimizin Halep ve k\u0131rsal\u0131n\u0131n \u015eeyh H\u0131d\u0131r, Ra\u015fidin, Leyremun, Deyr Hafer, Um el Kura, Tel Rafet, Hanano, Enzarat, el Helak ve Han Tuman\u2019da ter\u00f6ristlerin h\u00fccrelerini hedef almalar\u0131 sonucunda \u00e7ok say\u0131da ter\u00f6risti \u00f6l\u00fc ve yaral\u0131 d\u00fc\u015f\u00fcrd\u00fcklerini ellerindeki su\u00e7 edatlar\u0131n\u0131 da imha ettiklerini ifade etti.<\/p>\n<p>Askeri kaynak vatan koruyucular\u0131m\u0131z\u0131n Halep k\u0131rsal\u0131n\u0131n g\u00fcneybat\u0131s\u0131 Zarba B\u00f6lgesinde Nusra Cephesinin bir karargah\u0131n\u0131 imha ederek i\u00e7inde bulunan t\u00fcm ter\u00f6ristleri \u00f6l\u00fc yaral\u0131 d\u00fc\u015f\u00fcrd\u00fcklerini belirtti.<\/p>\n<p><span style=\"color: #0000ff\">\u0130dlib K\u0131rsal\u0131nda Onlarca Ter\u00f6rist \u00d6ld\u00fcr\u00fcld\u00fc<\/span><\/p>\n<p>Askeri kaynak ordu birliklerimizin \u0130dlib k\u0131rsal\u0131n\u0131n Serakib, Kensafra, Han \u015eeyhun, Benni\u015f, \u015eaflah ve el Arbain Da\u011f\u0131 \u00e7evrelerinde tekfirci ve hain ter\u00f6ristlerin k\u00fcmelenme yerlerini hedef ald\u0131klar\u0131n\u0131, i\u00e7inde bulunan onlarca ter\u00f6ristle birlikte ara\u00e7 ve silahlar\u0131n\u0131 imha ettiklerini belirtti.<\/p>\n<p>\u0130dlib k\u0131rsal\u0131n\u0131n el Sebil vadisi ve Kefar Roma b\u00f6lgelerinde aralar\u0131nda yabanc\u0131lar\u0131n bulundu\u011fu \u00e7ok say\u0131da ter\u00f6risti \u00f6l\u00fc yaral\u0131 d\u00fc\u015f\u00fcrd\u00fcklerini aktaran askeri kaynak; bir z\u0131rhl\u0131 ara\u00e7lar\u0131 ve a\u011f\u0131r makineli silahla donat\u0131lm\u0131\u015f bir di\u011fer ara\u00e7lar\u0131n\u0131n da imha edildi\u011fini s\u00f6yledi.<\/p>\n<p><span style=\"color: #0000ff\">Deyrezzor\u2019da Yabanc\u0131 Ter\u00f6ristler \u00d6ld\u00fcr\u00fcld\u00fc<\/span><\/p>\n<p>Askeri kaynak ordu birliklerimizin Deyrezzor Kentinin R\u00fc\u015fdiye, Urdi ve Huveyka semtlerinde \u2018Irak ve \u015eam Devleti I\u015e\u0130D\u2019 karargahlar\u0131 ve k\u00fcmelenme yerlerini nitelikli operasyonlarla hedef alarak aralar\u0131nda \u00e7ok say\u0131da yabanc\u0131n\u0131n bulundu\u011fu onlarca ter\u00f6risti \u00f6l\u00fc yaral\u0131 d\u00fc\u015f\u00fcrd\u00fcklerini belirtti.<\/p>\n<p><span style=\"color: #0000ff\">Homs K\u0131rsal\u0131nda \u00c7ok Say\u0131da Ter\u00f6rist Ara\u00e7lar\u0131yla Etkisiz Hale Getirildi<\/span><\/p>\n<p>Askeri kaynak, ordu birliklerimizin Homs k\u0131rsal\u0131n\u0131n Hattab K\u00f6y\u00fc, el Kehf Vadisi yak\u0131nlar\u0131, Samarmar Vadisi, Telbise Ferhaniye K\u00f6y\u00fcnde \u00e7ok say\u0131da ter\u00f6risti \u00f6l\u00fc ve yaral\u0131 d\u00fc\u015f\u00fcrd\u00fcklerini Tel Abu el Senasil ve el Hilaliye Mahallesinde ter\u00f6ristlere ait baz\u0131 ara\u00e7lar\u0131 imha ettiklerini s\u00f6yledi.<\/p>\n<p>Buna paralel olarak, ordu birliklerimiz Ayn H\u00fcseyin K\u00f6y\u00fcnden M\u00fc\u015frife\u2019nin bat\u0131s\u0131ndaki Garibe Mezraas\u0131na s\u0131zma giri\u015fimlerini \u00e7\u00f6kerterek baz\u0131 ter\u00f6ristleri \u00f6l\u00fc ve yaral\u0131 d\u00fc\u015f\u00fcrd\u00fc.<\/p>\n<p>\u00d6te yandan\u00a0Ordu birliklerimiz Homs k\u0131rsal\u0131 Um \u015eer\u015fuh Beldesinin el Bedu Mahallesinde a\u011f\u0131r makineli silahla donat\u0131lm\u0131\u015f bir pikab\u0131 ta\u015f\u0131d\u0131\u011f\u0131 ter\u00f6ristlerle birlikte imha etti.<\/p>\n<p>Ordu birliklerimiz Homs iline tabi Resten Kentinde ter\u00f6ristlerin bir ileti\u015fim ve medya merkezlerini muhtevalar\u0131yla imha ederken, Saen B\u00f6lgesinde de bir karargahlar\u0131n\u0131 imha ederek \u00e7ok say\u0131da ter\u00f6risti \u00f6l\u00fc yaral\u0131 d\u00fc\u015f\u00fcrd\u00fc.<\/p>\n<p><span style=\"color: #0000ff\">Dera K\u0131rsal\u0131nda H\u00fccreleri ve Z\u0131rhl\u0131 Ara\u00e7lar\u0131 \u0130mha Edildi<\/span><\/p>\n<p>Askeri kaynak, ordu birliklerimizin Dera k\u0131rsal\u0131 Anhel\u2019de i\u00e7indeki ter\u00f6ristlerle birlikte 2 ter\u00f6r h\u00fccresi ve yak\u0131nlar\u0131ndaki 4 z\u0131rhl\u0131 arac\u0131 etkisiz hale getirdi\u011fini s\u00f6yledi.<\/p>\n<p>Ordu birliklerimizin Dera k\u0131rsal\u0131 Semlin \u2013 Zemrin yol ay\u0131r\u0131m\u0131, Neda K\u00f6y\u00fc, Biir Um el Dirc civar\u0131, Dera Beled\u2019te eski g\u00fcmr\u00fck m\u00fcd\u00fcrl\u00fc\u011f\u00fcn\u00fcn bat\u0131s\u0131, Anhel, Semlin \u2013 Anhel yol ay\u0131r\u0131m\u0131, Mena\u015fir, Atman ve Atman karayolu b\u00f6lgelerinde onlarca ter\u00f6risti etkisiz olarak ele ge\u00e7irdi\u011fini belirten kaynak; operasyonlarda ter\u00f6ristlere ait a\u011f\u0131r silahlar ve ara\u00e7lar\u0131n imha edildi\u011fini aktard\u0131.<\/p>\n<p><span style=\"color: #0000ff\">S\u00fcveyda K\u0131rsal\u0131nda A\u011f\u0131r Silahlar\u0131 \u0130mha Edildi<\/span><\/p>\n<p>Vatan koruyucular\u0131 ordu birliklerimiz S\u00fcveyda k\u0131rsal\u0131n\u0131n Dera ili s\u0131n\u0131rlar\u0131na yak\u0131n d\u00fc\u015fen Dama \u015eovmariye beldeleri aras\u0131, Recm el \u011eats B\u00f6lgesi ve Creyn Beldesinin do\u011fusunda \u00e7ok say\u0131da ter\u00f6risti \u00f6l\u00fc yaral\u0131 d\u00fc\u015f\u00fcr\u00fcrken a\u011f\u0131r silahlar\u0131 ve havan toplar\u0131n\u0131 da imha etti.<\/p>\n<p><span style=\"color: #0000ff\">Hama K\u0131rsal\u0131nda K\u00fcmelenme Yerleri \u0130mha Edildi<\/span><\/p>\n<p>Askeri kaynak ordu birliklerimizin Hama k\u0131rsal\u0131 Hattab Beldesinde tekfirci ve hain ter\u00f6ristlerin k\u00fcmelenme yerlerini hedef alarak i\u00e7indeki ter\u00f6ristlerle birlikte imha ettiklerini belirtti.<\/p>\n","protected":false},"excerpt":{"rendered":"<p>\u0130LLER \u2013 Ordu birliklerimizin \u00fclkenin muhtelif b\u00f6lgelerinde ter\u00f6r ve ter\u00f6ristlere y\u00f6nelik s\u00fcrd\u00fcrd\u00fckleri m\u00fccadeleleri ba\u015far\u0131larla s\u00fcrerken ter\u00f6ristlerin say\u0131 ve te\u00e7hizat bak\u0131m\u0131ndan a\u011f\u0131r kay\u0131plar\u0131 da s\u00fcr\u00fcyor. \u015eam K\u0131rsal\u0131nda Ter\u00f6r H\u00fccreleri Hedef Al\u0131nd\u0131 Askeri kaynak, ordu birliklerimizin Cobar Semtinde ilerlemesi esnas\u0131nda \u00e7ok say\u0131da ter\u00f6risti \u00f6ld\u00fcrd\u00fcklerini ve bir ka\u00e7 h\u00fccrelerini de imha ettiklerini, ayr\u0131ca bomba imha ekiplerinin ter\u00f6ristlerin uzaktan &hellip;<\/p>\n","protected":false},"author":1,"featured_media":9474,"comment_status":"closed","ping_status":"closed","sticky":false,"template":"","format":"standard","meta":{"footnotes":""},"categories":[575],"tags":[2114],"class_list":["post-9385","post","type-post","status-publish","format-standard","has-post-thumbnail","","category-olaylar-ve-gercekler","tag-teror-hucrelerinin-hedef-alinmasiyla-teroristlerin-agir-kayiplari-suruyor"],"_links":{"self":[{"href":"https:\/\/archive.sana.sy\/tr\/index.php?rest_route=\/wp\/v2\/posts\/9385","targetHints":{"allow":["GET"]}}],"collection":[{"href":"https:\/\/archive.sana.sy\/tr\/index.php?rest_route=\/wp\/v2\/posts"}],"about":[{"href":"https:\/\/archive.sana.sy\/tr\/index.php?rest_route=\/wp\/v2\/types\/post"}],"author":[{"embeddable":true,"href":"https:\/\/archive.sana.sy\/tr\/index.php?rest_route=\/wp\/v2\/users\/1"}],"replies":[{"embeddable":true,"href":"https:\/\/archive.sana.sy\/tr\/index.php?rest_route=%2Fwp%2Fv2%2Fcomments&post=9385"}],"version-history":[{"count":0,"href":"https:\/\/archive.sana.sy\/tr\/index.php?rest_route=\/wp\/v2\/posts\/9385\/revisions"}],"wp:featuredmedia":[{"embeddable":true,"href":"https:\/\/archive.sana.sy\/tr\/index.php?rest_route=\/wp\/v2\/media\/9474"}],"wp:attachment":[{"href":"https:\/\/archive.sana.sy\/tr\/index.php?rest_route=%2Fwp%2Fv2%2Fmedia&parent=9385"}],"wp:term":[{"taxonomy":"category","embeddable":true,"href":"https:\/\/archive.sana.sy\/tr\/index.php?rest_route=%2Fwp%2Fv2%2Fcategories&post=9385"},{"taxonomy":"post_tag","embeddable":true,"href":"https:\/\/archive.sana.sy\/tr\/index.php?rest_route=%2Fwp%2Fv2%2Ftags&post=9385"}],"curies":[{"name":"wp","href":"https:\/\/api.w.org\/{rel}","templated":true}]}}