{"id":93887,"date":"2016-11-05T10:14:00","date_gmt":"2016-11-05T08:14:00","guid":{"rendered":"http:\/\/www.sana.sy\/tr\/?p=93887"},"modified":"2016-11-07T10:08:51","modified_gmt":"2016-11-07T08:08:51","slug":"drama-sanatinda-muhtelif-devletlerle-isbirligi-anlasmasi","status":"publish","type":"post","link":"https:\/\/archive.sana.sy\/tr\/?p=93887","title":{"rendered":"Drama Sanat\u0131nda Muhtelif Devletlerle \u0130\u015fbirli\u011fi Anla\u015fmas\u0131"},"content":{"rendered":"<p>\u015eAM \u2013 Sanat\u00e7\u0131lar Sendikas\u0131, \u0130ran\u2019da d\u00fczenlenen ve Ortado\u011fu&#8217;da drama sanat\u0131 b\u00f6lgesel konferans\u0131na kat\u0131lan \u00fclkelerle mutabakat zabt\u0131na imza att\u0131.<\/p>\n<p>Sanat\u00e7\u0131lar Sendikas\u0131 Ba\u015fkan\u0131 Z\u00fcheyr Ramazan Cezayir, Afganistan, Irak, L\u00fcbnan, Pakistan, Tunus, Rusya, Azerbaycan, Umman Sultanl\u0131\u011f\u0131, G\u00fcrcistan ve \u0130ran ile imzalanan mutabakat zabt\u0131n\u0131n tiyatro metinleri ve drama sanat\u0131n\u0131n muhtelif alanlar\u0131nda i\u015fbirli\u011fi ve al\u0131\u015fveri\u015fi \u00f6ng\u00f6rd\u00fc\u011f\u00fcn\u00fc s\u00f6yledi.<\/p>\n<p>Ramazan ayn\u0131 zamanda s\u00f6z konusu \u00fclkeler aras\u0131nda ortak \u00e7al\u0131\u015ftaylar\u0131n kurulmas\u0131na ilaveten deneyim ve kadro al\u0131\u015fveri\u015finin de yap\u0131laca\u011f\u0131n\u0131 ifade etti.<\/p>\n<p>Sanat\u00e7\u0131lar Sendikas\u0131n\u0131n konferansa kat\u0131l\u0131m\u0131 konusunda ise Ramazan; Suriye&#8217;nin konferansta yo\u011fun bir ilgi g\u00f6rd\u00fc\u011f\u00fcn\u00fc, Suriye&#8217;de drama ve tiyatro sanat\u0131n\u0131n ileri d\u00fczeyinin herkesin be\u011fenisini g\u00f6rd\u00fc\u011f\u00fcne dikkat \u00e7ekti.<\/p>\n","protected":false},"excerpt":{"rendered":"<p>\u015eAM \u2013 Sanat\u00e7\u0131lar Sendikas\u0131, \u0130ran\u2019da d\u00fczenlenen ve Ortado\u011fu&#8217;da drama sanat\u0131 b\u00f6lgesel konferans\u0131na kat\u0131lan \u00fclkelerle mutabakat zabt\u0131na imza att\u0131. Sanat\u00e7\u0131lar Sendikas\u0131 Ba\u015fkan\u0131 Z\u00fcheyr Ramazan Cezayir, Afganistan, Irak, L\u00fcbnan, Pakistan, Tunus, Rusya, Azerbaycan, Umman Sultanl\u0131\u011f\u0131, G\u00fcrcistan ve \u0130ran ile imzalanan mutabakat zabt\u0131n\u0131n tiyatro metinleri ve drama sanat\u0131n\u0131n muhtelif alanlar\u0131nda i\u015fbirli\u011fi ve al\u0131\u015fveri\u015fi \u00f6ng\u00f6rd\u00fc\u011f\u00fcn\u00fc s\u00f6yledi. Ramazan ayn\u0131 zamanda &hellip;<\/p>\n","protected":false},"author":1,"featured_media":93888,"comment_status":"closed","ping_status":"closed","sticky":false,"template":"","format":"standard","meta":{"footnotes":""},"categories":[479,516,511,17988,478],"tags":[25116,25117,18624,25118],"class_list":["post-93887","post","type-post","status-publish","format-standard","has-post-thumbnail","","category-haberler-yerel","category-haberler-kultur-ve-sanat","category-kultur-ve-sanat","category-son-haberler","category-yerel","tag-drama-sanatinda-muhtelif-devletlerle-isbirligi-anlasmasi","tag-iranda-duzenlenen-ve-ortadoguda-drama-sanati-bolgesel-konferansina-katilan-ulkelerle-mutabakat-zabtina-imza-atti","tag-sanatcilar-sendikasi","tag-sanatcilar-sendikasi-baskani-zuheyr-ramazan-cezayir"],"_links":{"self":[{"href":"https:\/\/archive.sana.sy\/tr\/index.php?rest_route=\/wp\/v2\/posts\/93887","targetHints":{"allow":["GET"]}}],"collection":[{"href":"https:\/\/archive.sana.sy\/tr\/index.php?rest_route=\/wp\/v2\/posts"}],"about":[{"href":"https:\/\/archive.sana.sy\/tr\/index.php?rest_route=\/wp\/v2\/types\/post"}],"author":[{"embeddable":true,"href":"https:\/\/archive.sana.sy\/tr\/index.php?rest_route=\/wp\/v2\/users\/1"}],"replies":[{"embeddable":true,"href":"https:\/\/archive.sana.sy\/tr\/index.php?rest_route=%2Fwp%2Fv2%2Fcomments&post=93887"}],"version-history":[{"count":0,"href":"https:\/\/archive.sana.sy\/tr\/index.php?rest_route=\/wp\/v2\/posts\/93887\/revisions"}],"wp:featuredmedia":[{"embeddable":true,"href":"https:\/\/archive.sana.sy\/tr\/index.php?rest_route=\/wp\/v2\/media\/93888"}],"wp:attachment":[{"href":"https:\/\/archive.sana.sy\/tr\/index.php?rest_route=%2Fwp%2Fv2%2Fmedia&parent=93887"}],"wp:term":[{"taxonomy":"category","embeddable":true,"href":"https:\/\/archive.sana.sy\/tr\/index.php?rest_route=%2Fwp%2Fv2%2Fcategories&post=93887"},{"taxonomy":"post_tag","embeddable":true,"href":"https:\/\/archive.sana.sy\/tr\/index.php?rest_route=%2Fwp%2Fv2%2Ftags&post=93887"}],"curies":[{"name":"wp","href":"https:\/\/api.w.org\/{rel}","templated":true}]}}