{"id":93900,"date":"2016-11-06T12:44:25","date_gmt":"2016-11-06T10:44:25","guid":{"rendered":"http:\/\/www.sana.sy\/tr\/?p=93900"},"modified":"2016-11-06T12:44:25","modified_gmt":"2016-11-06T10:44:25","slug":"sanaya-aciklama-yapan-askeri-kaynak-ordu-birliklerimizin-dera-kirsalinin-dogusu-hurbet-gazale-koprusun-guneybatisindan-bolgedeki-askeri-noktalara-saldirma-girisimlerini-cokerterek-tekfircile","status":"publish","type":"post","link":"https:\/\/archive.sana.sy\/tr\/?p=93900","title":{"rendered":"SANA\u2019ya a\u00e7\u0131klama yapan askeri kaynak; ordu birliklerimizin Dera k\u0131rsal\u0131n\u0131n do\u011fusu Hurbet \u011eazale K\u00f6pr\u00fcs\u00fcn g\u00fcneybat\u0131s\u0131ndan b\u00f6lgedeki askeri noktalara sald\u0131rma giri\u015fimlerini \u00e7\u00f6kerterek tekfircileri say\u0131 ve te\u00e7hizatlar\u0131yla birlikte a\u011f\u0131r kay\u0131plara u\u011fratt\u0131klar\u0131n\u0131 belirtti"},"content":{"rendered":"<p>SANA\u2019ya a\u00e7\u0131klama yapan askeri kaynak; ordu birliklerimizin Dera k\u0131rsal\u0131n\u0131n do\u011fusu Hurbet \u011eazale K\u00f6pr\u00fcs\u00fcn g\u00fcneybat\u0131s\u0131ndan b\u00f6lgedeki askeri noktalara sald\u0131rma giri\u015fimlerini \u00e7\u00f6kerterek tekfircileri say\u0131 ve te\u00e7hizatlar\u0131yla birlikte a\u011f\u0131r kay\u0131plara u\u011fratt\u0131klar\u0131n\u0131 belirtti<\/p>\n","protected":false},"excerpt":{"rendered":"<p>SANA\u2019ya a\u00e7\u0131klama yapan askeri kaynak; ordu birliklerimizin Dera k\u0131rsal\u0131n\u0131n do\u011fusu Hurbet \u011eazale K\u00f6pr\u00fcs\u00fcn g\u00fcneybat\u0131s\u0131ndan b\u00f6lgedeki askeri noktalara sald\u0131rma giri\u015fimlerini \u00e7\u00f6kerterek tekfircileri say\u0131 ve te\u00e7hizatlar\u0131yla birlikte a\u011f\u0131r kay\u0131plara u\u011fratt\u0131klar\u0131n\u0131 belirtti<\/p>\n","protected":false},"author":1,"featured_media":0,"comment_status":"closed","ping_status":"closed","sticky":false,"template":"","format":"standard","meta":{"footnotes":""},"categories":[17991],"tags":[],"class_list":["post-93900","post","type-post","status-publish","format-standard","","category-son-dakika"],"_links":{"self":[{"href":"https:\/\/archive.sana.sy\/tr\/index.php?rest_route=\/wp\/v2\/posts\/93900","targetHints":{"allow":["GET"]}}],"collection":[{"href":"https:\/\/archive.sana.sy\/tr\/index.php?rest_route=\/wp\/v2\/posts"}],"about":[{"href":"https:\/\/archive.sana.sy\/tr\/index.php?rest_route=\/wp\/v2\/types\/post"}],"author":[{"embeddable":true,"href":"https:\/\/archive.sana.sy\/tr\/index.php?rest_route=\/wp\/v2\/users\/1"}],"replies":[{"embeddable":true,"href":"https:\/\/archive.sana.sy\/tr\/index.php?rest_route=%2Fwp%2Fv2%2Fcomments&post=93900"}],"version-history":[{"count":0,"href":"https:\/\/archive.sana.sy\/tr\/index.php?rest_route=\/wp\/v2\/posts\/93900\/revisions"}],"wp:attachment":[{"href":"https:\/\/archive.sana.sy\/tr\/index.php?rest_route=%2Fwp%2Fv2%2Fmedia&parent=93900"}],"wp:term":[{"taxonomy":"category","embeddable":true,"href":"https:\/\/archive.sana.sy\/tr\/index.php?rest_route=%2Fwp%2Fv2%2Fcategories&post=93900"},{"taxonomy":"post_tag","embeddable":true,"href":"https:\/\/archive.sana.sy\/tr\/index.php?rest_route=%2Fwp%2Fv2%2Ftags&post=93900"}],"curies":[{"name":"wp","href":"https:\/\/api.w.org\/{rel}","templated":true}]}}