{"id":93956,"date":"2016-11-06T12:08:44","date_gmt":"2016-11-06T10:08:44","guid":{"rendered":"http:\/\/www.sana.sy\/tr\/?p=93956"},"modified":"2016-11-06T14:14:14","modified_gmt":"2016-11-06T12:14:14","slug":"kaynak-teror-saldirisinda-1-kisinin-sehit-12-kisinin-de-yarali-dustuklerini-aktardi","status":"publish","type":"post","link":"https:\/\/archive.sana.sy\/tr\/?p=93956","title":{"rendered":"Kaynak ter\u00f6r sald\u0131r\u0131s\u0131nda 1 ki\u015finin \u015fehit, 12 ki\u015finin de yaral\u0131 d\u00fc\u015ft\u00fcklerini aktard\u0131"},"content":{"rendered":"<p>Kaynak ter\u00f6r sald\u0131r\u0131s\u0131nda 1 ki\u015finin \u015fehit, 12 ki\u015finin de yaral\u0131 d\u00fc\u015ft\u00fcklerini aktard\u0131<\/p>\n","protected":false},"excerpt":{"rendered":"<p>Kaynak ter\u00f6r sald\u0131r\u0131s\u0131nda 1 ki\u015finin \u015fehit, 12 ki\u015finin de yaral\u0131 d\u00fc\u015ft\u00fcklerini aktard\u0131<\/p>\n","protected":false},"author":1,"featured_media":0,"comment_status":"closed","ping_status":"closed","sticky":false,"template":"","format":"standard","meta":{"footnotes":""},"categories":[17991],"tags":[],"class_list":["post-93956","post","type-post","status-publish","format-standard","","category-son-dakika"],"_links":{"self":[{"href":"https:\/\/archive.sana.sy\/tr\/index.php?rest_route=\/wp\/v2\/posts\/93956","targetHints":{"allow":["GET"]}}],"collection":[{"href":"https:\/\/archive.sana.sy\/tr\/index.php?rest_route=\/wp\/v2\/posts"}],"about":[{"href":"https:\/\/archive.sana.sy\/tr\/index.php?rest_route=\/wp\/v2\/types\/post"}],"author":[{"embeddable":true,"href":"https:\/\/archive.sana.sy\/tr\/index.php?rest_route=\/wp\/v2\/users\/1"}],"replies":[{"embeddable":true,"href":"https:\/\/archive.sana.sy\/tr\/index.php?rest_route=%2Fwp%2Fv2%2Fcomments&post=93956"}],"version-history":[{"count":0,"href":"https:\/\/archive.sana.sy\/tr\/index.php?rest_route=\/wp\/v2\/posts\/93956\/revisions"}],"wp:attachment":[{"href":"https:\/\/archive.sana.sy\/tr\/index.php?rest_route=%2Fwp%2Fv2%2Fmedia&parent=93956"}],"wp:term":[{"taxonomy":"category","embeddable":true,"href":"https:\/\/archive.sana.sy\/tr\/index.php?rest_route=%2Fwp%2Fv2%2Fcategories&post=93956"},{"taxonomy":"post_tag","embeddable":true,"href":"https:\/\/archive.sana.sy\/tr\/index.php?rest_route=%2Fwp%2Fv2%2Ftags&post=93956"}],"curies":[{"name":"wp","href":"https:\/\/api.w.org\/{rel}","templated":true}]}}