{"id":93957,"date":"2016-11-06T12:06:47","date_gmt":"2016-11-06T10:06:47","guid":{"rendered":"http:\/\/www.sana.sy\/tr\/?p=93957"},"modified":"2016-11-06T14:13:43","modified_gmt":"2016-11-06T12:13:43","slug":"askeri-kaynak-aciklamasinda-sam-kirsalinin-dogu-guta-ve-duma-bolgelerinde-bulunan-radikal-teroristlerin-bugun-oglen-saatlerinde-tesrin-askeri-hastanesini-2-fuzeyle-hedef-aldiklarini-belirtti","status":"publish","type":"post","link":"https:\/\/archive.sana.sy\/tr\/?p=93957","title":{"rendered":"Askeri kaynak a\u00e7\u0131klamas\u0131nda \u015eam k\u0131rsal\u0131n\u0131n Do\u011fu \u011euta ve Duma b\u00f6lgelerinde bulunan radikal ter\u00f6ristlerin bug\u00fcn \u00f6\u011flen saatlerinde Te\u015frin Askeri Hastanesini 2 f\u00fczeyle hedef ald\u0131klar\u0131n\u0131 belirtti"},"content":{"rendered":"<p>Askeri kaynak a\u00e7\u0131klamas\u0131nda \u015eam k\u0131rsal\u0131n\u0131n Do\u011fu \u011euta ve Duma b\u00f6lgelerinde bulunan radikal ter\u00f6ristlerin bug\u00fcn \u00f6\u011flen saatlerinde Te\u015frin Askeri Hastanesini 2 f\u00fczeyle hedef ald\u0131klar\u0131n\u0131 belirtti<\/p>\n","protected":false},"excerpt":{"rendered":"<p>Askeri kaynak a\u00e7\u0131klamas\u0131nda \u015eam k\u0131rsal\u0131n\u0131n Do\u011fu \u011euta ve Duma b\u00f6lgelerinde bulunan radikal ter\u00f6ristlerin bug\u00fcn \u00f6\u011flen saatlerinde Te\u015frin Askeri Hastanesini 2 f\u00fczeyle hedef ald\u0131klar\u0131n\u0131 belirtti<\/p>\n","protected":false},"author":1,"featured_media":0,"comment_status":"closed","ping_status":"closed","sticky":false,"template":"","format":"standard","meta":{"footnotes":""},"categories":[17991],"tags":[],"class_list":["post-93957","post","type-post","status-publish","format-standard","","category-son-dakika"],"_links":{"self":[{"href":"https:\/\/archive.sana.sy\/tr\/index.php?rest_route=\/wp\/v2\/posts\/93957","targetHints":{"allow":["GET"]}}],"collection":[{"href":"https:\/\/archive.sana.sy\/tr\/index.php?rest_route=\/wp\/v2\/posts"}],"about":[{"href":"https:\/\/archive.sana.sy\/tr\/index.php?rest_route=\/wp\/v2\/types\/post"}],"author":[{"embeddable":true,"href":"https:\/\/archive.sana.sy\/tr\/index.php?rest_route=\/wp\/v2\/users\/1"}],"replies":[{"embeddable":true,"href":"https:\/\/archive.sana.sy\/tr\/index.php?rest_route=%2Fwp%2Fv2%2Fcomments&post=93957"}],"version-history":[{"count":0,"href":"https:\/\/archive.sana.sy\/tr\/index.php?rest_route=\/wp\/v2\/posts\/93957\/revisions"}],"wp:attachment":[{"href":"https:\/\/archive.sana.sy\/tr\/index.php?rest_route=%2Fwp%2Fv2%2Fmedia&parent=93957"}],"wp:term":[{"taxonomy":"category","embeddable":true,"href":"https:\/\/archive.sana.sy\/tr\/index.php?rest_route=%2Fwp%2Fv2%2Fcategories&post=93957"},{"taxonomy":"post_tag","embeddable":true,"href":"https:\/\/archive.sana.sy\/tr\/index.php?rest_route=%2Fwp%2Fv2%2Ftags&post=93957"}],"curies":[{"name":"wp","href":"https:\/\/api.w.org\/{rel}","templated":true}]}}