{"id":93959,"date":"2016-11-06T08:45:00","date_gmt":"2016-11-06T06:45:00","guid":{"rendered":"http:\/\/www.sana.sy\/tr\/?p=93959"},"modified":"2016-11-06T14:20:27","modified_gmt":"2016-11-06T12:20:27","slug":"suveyda-il-emniyet-mudurlugunde-bir-kaynak-israilden-destek-alan-radikal-teroristlerin-dera-il-idari-sinirlarina-yakin-dama-ve-ureyka-koyleri-arasinda-yol-kenarina-yerlestirdikleri-bir-bomba","status":"publish","type":"post","link":"https:\/\/archive.sana.sy\/tr\/?p=93959","title":{"rendered":"S\u00fcveyda \u0130l Emniyet M\u00fcd\u00fcrl\u00fc\u011f\u00fcnde bir kaynak; \u0130srail\u2019den destek alan radikal ter\u00f6ristlerin Dera il idari s\u0131n\u0131rlar\u0131na yak\u0131n Dama ve ureyka k\u00f6yleri aras\u0131nda yol kenar\u0131na yerle\u015ftirdikleri bir bomba d\u00fczene\u011fini bir arac\u0131n ge\u00e7i\u015fi s\u0131ras\u0131nda havaya u\u00e7urduklar\u0131n\u0131 belirtti"},"content":{"rendered":"<p>S\u00fcveyda \u0130l Emniyet M\u00fcd\u00fcrl\u00fc\u011f\u00fcnde bir kaynak; \u0130srail\u2019den destek alan radikal ter\u00f6ristlerin Dera il idari s\u0131n\u0131rlar\u0131na yak\u0131n Dama ve ureyka k\u00f6yleri aras\u0131nda yol kenar\u0131na yerle\u015ftirdikleri bir bomba d\u00fczene\u011fini bir arac\u0131n ge\u00e7i\u015fi s\u0131ras\u0131nda havaya u\u00e7urduklar\u0131n\u0131 belirtti<\/p>\n","protected":false},"excerpt":{"rendered":"<p>S\u00fcveyda \u0130l Emniyet M\u00fcd\u00fcrl\u00fc\u011f\u00fcnde bir kaynak; \u0130srail\u2019den destek alan radikal ter\u00f6ristlerin Dera il idari s\u0131n\u0131rlar\u0131na yak\u0131n Dama ve ureyka k\u00f6yleri aras\u0131nda yol kenar\u0131na yerle\u015ftirdikleri bir bomba d\u00fczene\u011fini bir arac\u0131n ge\u00e7i\u015fi s\u0131ras\u0131nda havaya u\u00e7urduklar\u0131n\u0131 belirtti<\/p>\n","protected":false},"author":1,"featured_media":0,"comment_status":"closed","ping_status":"closed","sticky":false,"template":"","format":"standard","meta":{"footnotes":""},"categories":[17991],"tags":[],"class_list":["post-93959","post","type-post","status-publish","format-standard","","category-son-dakika"],"_links":{"self":[{"href":"https:\/\/archive.sana.sy\/tr\/index.php?rest_route=\/wp\/v2\/posts\/93959","targetHints":{"allow":["GET"]}}],"collection":[{"href":"https:\/\/archive.sana.sy\/tr\/index.php?rest_route=\/wp\/v2\/posts"}],"about":[{"href":"https:\/\/archive.sana.sy\/tr\/index.php?rest_route=\/wp\/v2\/types\/post"}],"author":[{"embeddable":true,"href":"https:\/\/archive.sana.sy\/tr\/index.php?rest_route=\/wp\/v2\/users\/1"}],"replies":[{"embeddable":true,"href":"https:\/\/archive.sana.sy\/tr\/index.php?rest_route=%2Fwp%2Fv2%2Fcomments&post=93959"}],"version-history":[{"count":0,"href":"https:\/\/archive.sana.sy\/tr\/index.php?rest_route=\/wp\/v2\/posts\/93959\/revisions"}],"wp:attachment":[{"href":"https:\/\/archive.sana.sy\/tr\/index.php?rest_route=%2Fwp%2Fv2%2Fmedia&parent=93959"}],"wp:term":[{"taxonomy":"category","embeddable":true,"href":"https:\/\/archive.sana.sy\/tr\/index.php?rest_route=%2Fwp%2Fv2%2Fcategories&post=93959"},{"taxonomy":"post_tag","embeddable":true,"href":"https:\/\/archive.sana.sy\/tr\/index.php?rest_route=%2Fwp%2Fv2%2Ftags&post=93959"}],"curies":[{"name":"wp","href":"https:\/\/api.w.org\/{rel}","templated":true}]}}