{"id":93963,"date":"2016-11-06T16:13:15","date_gmt":"2016-11-06T14:13:15","guid":{"rendered":"http:\/\/www.sana.sy\/tr\/?p=93963"},"modified":"2016-11-11T17:27:00","modified_gmt":"2016-11-11T15:27:00","slug":"ilimli-muhalifler-vahsetlerinde-sinir-tanimiyor","status":"publish","type":"post","link":"https:\/\/archive.sana.sy\/tr\/?p=93963","title":{"rendered":"\u2018Il\u0131ml\u0131 Muhalifler\u2019 Vah\u015fetlerinde S\u0131n\u0131r Tan\u0131m\u0131yor"},"content":{"rendered":"<p>\u0130LLER \u2013 ABD ve m\u00fcttefikleri taraf\u0131ndan \u2018\u0131l\u0131ml\u0131 muhalifler\u2019 ad\u0131 verilerek Erdo\u011fan ve Al Suud rejimleri taraf\u0131ndan desteklenen az\u0131l\u0131 ter\u00f6ristler sivil b\u00f6lgelere, hizmet kurumlar\u0131 ve altyap\u0131ya sald\u0131r\u0131lar\u0131nda s\u0131n\u0131r tan\u0131m\u0131yor.<\/p>\n<p><span style=\"color: #0000ff\">\u015eAM KIRSALI:<\/span><\/p>\n<p>Askeri kaynak a\u00e7\u0131klamas\u0131nda \u015eam k\u0131rsal\u0131n\u0131n Do\u011fu \u011euta ve Duma b\u00f6lgelerinde bulunan radikal ter\u00f6ristlerin bug\u00fcn \u00f6\u011flen saatlerinde Te\u015frin Askeri Hastanesini 2 f\u00fczeyle hedef ald\u0131klar\u0131n\u0131 belirtti. Kaynak ter\u00f6r sald\u0131r\u0131s\u0131nda 1 ki\u015finin \u015fehit, 12 ki\u015finin de yaral\u0131 d\u00fc\u015ft\u00fcklerini aktard\u0131.<\/p>\n<p>Te\u015frin Askeri Hastanesi sivil vatanda\u015flara ve askerlere, yaral\u0131lara ve \u015fehit yak\u0131nlar\u0131na \u00fccretsiz her t\u00fcrl\u00fc t\u0131bbi hizmet sa\u011flamas\u0131n\u0131n yan\u0131 s\u0131ra t\u00fcm civar b\u00f6lgelerden acil durumlara gereken t\u0131bbi m\u00fcdahaleyi temin etmektedir.<\/p>\n<p><span style=\"color: #0000ff\">HALEP:<\/span><\/p>\n<p>Halep Valili\u011finde bir kaynak ise kentin do\u011fu semtlerinde d\u0131\u015f g\u00fc\u00e7lerin destek ve talimatlar\u0131yla sivil b\u00f6lgelere ve hizmet kurumlar\u0131na sald\u0131r\u0131lar\u0131n\u0131 s\u00fcrd\u00fcren ter\u00f6ristlerin Hamadaniye, E\u015frefiye ve Yeni Halep semtlerine yine f\u00fczelerle sald\u0131rd\u0131klar\u0131n\u0131 belirtti.<\/p>\n<p>Kaynak \u2018\u0131l\u0131ml\u0131 muhalifler ad\u0131 verilen bu az\u0131l\u0131 ter\u00f6ristlerin sald\u0131r\u0131lar\u0131 sonucunda 2 ki\u015finin \u015fehit, 7 ki\u015finin de yaral\u0131 d\u00fc\u015ft\u00fcklerine, \u00f6zel m\u00fclkler ve hizmet altyap\u0131s\u0131nda ciddi hasar\u0131n meydana geldi\u011fine dikkat \u00e7ekti.<\/p>\n<p><span style=\"color: #0000ff\">S\u00dcVEYDA:<\/span><\/p>\n<p>Di\u011fer yandan S\u00fcveyda \u0130l Emniyet M\u00fcd\u00fcrl\u00fc\u011f\u00fcnde bir kaynak; \u0130srail\u2019den destek alan radikal ter\u00f6ristlerin Dera il idari s\u0131n\u0131rlar\u0131na yak\u0131n Dama ve ureyka k\u00f6yleri aras\u0131nda yol kenar\u0131na yerle\u015ftirdikleri bir bomba d\u00fczene\u011fini bir arac\u0131n ge\u00e7i\u015fi s\u0131ras\u0131nda havaya u\u00e7urduklar\u0131n\u0131 belirtti.<\/p>\n<p>Kaynak bomban\u0131n patlamas\u0131yla devrilen ara\u00e7ta bulunan 2 ki\u015finin yaraland\u0131klar\u0131n\u0131 kaydetti.<\/p>\n<p>Bu arada ter\u00f6ristler il k\u0131rsal\u0131n\u0131n kuzeyinde Lahisa ile Mtevna beldeleri aras\u0131nda yoldan ge\u00e7en bir ambulans arac\u0131na ate\u015f a\u00e7t\u0131lar.<\/p>\n<p>S\u00fcveyda \u0130l Sa\u011fl\u0131k M\u00fcd\u00fcr\u00fc Hassan \u00d6mer, kalp hastas\u0131 bir vatanda\u015f\u0131 ta\u015f\u0131yan ambulans arac\u0131n\u0131n S\u00fcveyda Hastanesine d\u00f6n\u00fc\u015f\u00fc s\u0131ras\u0131nda ter\u00f6r sald\u0131r\u0131s\u0131na maruz kald\u0131\u011f\u0131n\u0131 s\u00f6yledi. \u00d6mer ambulans arac\u0131 ve sa\u011fl\u0131k ekibine ate\u015f a\u00e7\u0131lmas\u0131n\u0131n hi\u00e7bir \u015fekilde insani ya da ahlak ilkelerine s\u0131\u011fmad\u0131\u011f\u0131na dikkat \u00e7ekti.<\/p>\n","protected":false},"excerpt":{"rendered":"<p>\u0130LLER \u2013 ABD ve m\u00fcttefikleri taraf\u0131ndan \u2018\u0131l\u0131ml\u0131 muhalifler\u2019 ad\u0131 verilerek Erdo\u011fan ve Al Suud rejimleri taraf\u0131ndan desteklenen az\u0131l\u0131 ter\u00f6ristler sivil b\u00f6lgelere, hizmet kurumlar\u0131 ve altyap\u0131ya sald\u0131r\u0131lar\u0131nda s\u0131n\u0131r tan\u0131m\u0131yor. \u015eAM KIRSALI: Askeri kaynak a\u00e7\u0131klamas\u0131nda \u015eam k\u0131rsal\u0131n\u0131n Do\u011fu \u011euta ve Duma b\u00f6lgelerinde bulunan radikal ter\u00f6ristlerin bug\u00fcn \u00f6\u011flen saatlerinde Te\u015frin Askeri Hastanesini 2 f\u00fczeyle hedef ald\u0131klar\u0131n\u0131 belirtti. Kaynak &hellip;<\/p>\n","protected":false},"author":1,"featured_media":93966,"comment_status":"closed","ping_status":"closed","sticky":false,"template":"","format":"standard","meta":{"footnotes":""},"categories":[479,575,17988,478],"tags":[3464,21046,9401,17274,21465,15945,23433,23663,18174,19043,2733],"class_list":["post-93963","post","type-post","status-publish","format-standard","has-post-thumbnail","","category-haberler-yerel","category-olaylar-ve-gercekler","category-son-haberler","category-yerel","tag-nusra-cephesi","tag-ceysul-islam","tag-erdogan","tag-fuze-saldirisi","tag-hastaneye-saldiri","tag-ilimli-muhalifler","tag-mutedil-muhalifler","tag-roket-saldirisi","tag-sivillere-saldiri","tag-suriyede-son-durum","tag-suudi-arabistan"],"_links":{"self":[{"href":"https:\/\/archive.sana.sy\/tr\/index.php?rest_route=\/wp\/v2\/posts\/93963","targetHints":{"allow":["GET"]}}],"collection":[{"href":"https:\/\/archive.sana.sy\/tr\/index.php?rest_route=\/wp\/v2\/posts"}],"about":[{"href":"https:\/\/archive.sana.sy\/tr\/index.php?rest_route=\/wp\/v2\/types\/post"}],"author":[{"embeddable":true,"href":"https:\/\/archive.sana.sy\/tr\/index.php?rest_route=\/wp\/v2\/users\/1"}],"replies":[{"embeddable":true,"href":"https:\/\/archive.sana.sy\/tr\/index.php?rest_route=%2Fwp%2Fv2%2Fcomments&post=93963"}],"version-history":[{"count":0,"href":"https:\/\/archive.sana.sy\/tr\/index.php?rest_route=\/wp\/v2\/posts\/93963\/revisions"}],"wp:featuredmedia":[{"embeddable":true,"href":"https:\/\/archive.sana.sy\/tr\/index.php?rest_route=\/wp\/v2\/media\/93966"}],"wp:attachment":[{"href":"https:\/\/archive.sana.sy\/tr\/index.php?rest_route=%2Fwp%2Fv2%2Fmedia&parent=93963"}],"wp:term":[{"taxonomy":"category","embeddable":true,"href":"https:\/\/archive.sana.sy\/tr\/index.php?rest_route=%2Fwp%2Fv2%2Fcategories&post=93963"},{"taxonomy":"post_tag","embeddable":true,"href":"https:\/\/archive.sana.sy\/tr\/index.php?rest_route=%2Fwp%2Fv2%2Ftags&post=93963"}],"curies":[{"name":"wp","href":"https:\/\/api.w.org\/{rel}","templated":true}]}}