{"id":93977,"date":"2016-11-06T11:55:23","date_gmt":"2016-11-06T09:55:23","guid":{"rendered":"http:\/\/www.sana.sy\/tr\/?p=93977"},"modified":"2016-11-11T17:27:45","modified_gmt":"2016-11-11T15:27:45","slug":"havzalarinda-60-kg-esrar-ile-yakayi-ele-verdiler","status":"publish","type":"post","link":"https:\/\/archive.sana.sy\/tr\/?p=93977","title":{"rendered":"Havzalar\u0131nda 60 kg Esrar ile Yakay\u0131 Ele Verdiler"},"content":{"rendered":"<p>\u015eAM \u2013 Uyu\u015fturucuyla M\u00fccadele ekipleri bug\u00fcn \u015eam\u2019da uyu\u015fturucu ticareti yapan iki \u015fah\u0131s\u0131 yakalad\u0131.<\/p>\n<p>\u0130\u00e7i\u015fleri Bakanl\u0131\u011f\u0131 yay\u0131nlad\u0131\u011f\u0131 b\u00fcltende; soru\u015fturma ve takip ard\u0131ndan \u00e7evrilen bir arac\u0131n tefti\u015fe al\u0131nmas\u0131yla zulalar\u0131na sakl\u0131 olarak 60 kg esrar ele ge\u00e7irildi\u011fini belirtti. B\u00fcltende ara\u00e7ta bulunan ve uyu\u015fturucu ticareti yapan iki \u015fah\u0131s\u0131n havzalar\u0131ndaki esrar ile birlikte ilgili yarg\u0131 kurumlar\u0131na teslim edildikleri kaydedildi.<\/p>\n<p>D\u0131\u015f g\u00fc\u00e7lere tabi olan radikal ter\u00f6r \u00f6rg\u00fctleri saflar\u0131nsa esrar ve daha ba\u015fka t\u00fcr uyu\u015fturucu kullan\u0131m\u0131n\u0131n yo\u011fun oldu\u011fu biliniyor.<\/p>\n","protected":false},"excerpt":{"rendered":"<p>\u015eAM \u2013 Uyu\u015fturucuyla M\u00fccadele ekipleri bug\u00fcn \u015eam\u2019da uyu\u015fturucu ticareti yapan iki \u015fah\u0131s\u0131 yakalad\u0131. \u0130\u00e7i\u015fleri Bakanl\u0131\u011f\u0131 yay\u0131nlad\u0131\u011f\u0131 b\u00fcltende; soru\u015fturma ve takip ard\u0131ndan \u00e7evrilen bir arac\u0131n tefti\u015fe al\u0131nmas\u0131yla zulalar\u0131na sakl\u0131 olarak 60 kg esrar ele ge\u00e7irildi\u011fini belirtti. B\u00fcltende ara\u00e7ta bulunan ve uyu\u015fturucu ticareti yapan iki \u015fah\u0131s\u0131n havzalar\u0131ndaki esrar ile birlikte ilgili yarg\u0131 kurumlar\u0131na teslim edildikleri kaydedildi. D\u0131\u015f &hellip;<\/p>\n","protected":false},"author":1,"featured_media":93978,"comment_status":"closed","ping_status":"closed","sticky":false,"template":"","format":"standard","meta":{"footnotes":""},"categories":[485,486,17988],"tags":[18270,25127,18689,25128],"class_list":["post-93977","post","type-post","status-publish","format-standard","has-post-thumbnail","","category-is-ve-sermaye","category-haberler-is-ve-sermaye","category-son-haberler","tag-esrar","tag-havzalarinda-60-kg-esrar-ile-yakayi-ele-verdiler","tag-uyusturucu","tag-uyusturucyla-mucadele"],"_links":{"self":[{"href":"https:\/\/archive.sana.sy\/tr\/index.php?rest_route=\/wp\/v2\/posts\/93977","targetHints":{"allow":["GET"]}}],"collection":[{"href":"https:\/\/archive.sana.sy\/tr\/index.php?rest_route=\/wp\/v2\/posts"}],"about":[{"href":"https:\/\/archive.sana.sy\/tr\/index.php?rest_route=\/wp\/v2\/types\/post"}],"author":[{"embeddable":true,"href":"https:\/\/archive.sana.sy\/tr\/index.php?rest_route=\/wp\/v2\/users\/1"}],"replies":[{"embeddable":true,"href":"https:\/\/archive.sana.sy\/tr\/index.php?rest_route=%2Fwp%2Fv2%2Fcomments&post=93977"}],"version-history":[{"count":0,"href":"https:\/\/archive.sana.sy\/tr\/index.php?rest_route=\/wp\/v2\/posts\/93977\/revisions"}],"wp:featuredmedia":[{"embeddable":true,"href":"https:\/\/archive.sana.sy\/tr\/index.php?rest_route=\/wp\/v2\/media\/93978"}],"wp:attachment":[{"href":"https:\/\/archive.sana.sy\/tr\/index.php?rest_route=%2Fwp%2Fv2%2Fmedia&parent=93977"}],"wp:term":[{"taxonomy":"category","embeddable":true,"href":"https:\/\/archive.sana.sy\/tr\/index.php?rest_route=%2Fwp%2Fv2%2Fcategories&post=93977"},{"taxonomy":"post_tag","embeddable":true,"href":"https:\/\/archive.sana.sy\/tr\/index.php?rest_route=%2Fwp%2Fv2%2Ftags&post=93977"}],"curies":[{"name":"wp","href":"https:\/\/api.w.org\/{rel}","templated":true}]}}