{"id":93984,"date":"2016-11-06T10:10:33","date_gmt":"2016-11-06T08:10:33","guid":{"rendered":"http:\/\/www.sana.sy\/tr\/?p=93984"},"modified":"2016-11-06T15:27:15","modified_gmt":"2016-11-06T13:27:15","slug":"dera-belediin-muhtelif-bolgelerinde-nusra-cephesi-ve-muttefikleri-diger-teror-cetelere-karsi-basarili-operasyonlarin-gerceklestirildigini-aktaran-kaynak-teroristlerin-burada-da-araclari-ve-k","status":"publish","type":"post","link":"https:\/\/archive.sana.sy\/tr\/?p=93984","title":{"rendered":"Dera Beledi\u2019in muhtelif b\u00f6lgelerinde Nusra Cephesi ve m\u00fcttefikleri di\u011fer ter\u00f6r \u00e7etelere kar\u015f\u0131 ba\u015far\u0131l\u0131 operasyonlar\u0131n ger\u00e7ekle\u015ftirildi\u011fini aktaran kaynak, ter\u00f6ristlerin burada da ara\u00e7lar\u0131 ve karargahlar\u0131yla ciddi kay\u0131plar verdiklerini ifade etti"},"content":{"rendered":"<p>Dera Beledi\u2019in muhtelif b\u00f6lgelerinde Nusra Cephesi ve m\u00fcttefikleri di\u011fer ter\u00f6r \u00e7etelere kar\u015f\u0131 ba\u015far\u0131l\u0131 operasyonlar\u0131n ger\u00e7ekle\u015ftirildi\u011fini aktaran kaynak, ter\u00f6ristlerin burada da ara\u00e7lar\u0131 ve karargahlar\u0131yla ciddi kay\u0131plar verdiklerini ifade etti<\/p>\n","protected":false},"excerpt":{"rendered":"<p>Dera Beledi\u2019in muhtelif b\u00f6lgelerinde Nusra Cephesi ve m\u00fcttefikleri di\u011fer ter\u00f6r \u00e7etelere kar\u015f\u0131 ba\u015far\u0131l\u0131 operasyonlar\u0131n ger\u00e7ekle\u015ftirildi\u011fini aktaran kaynak, ter\u00f6ristlerin burada da ara\u00e7lar\u0131 ve karargahlar\u0131yla ciddi kay\u0131plar verdiklerini ifade etti<\/p>\n","protected":false},"author":1,"featured_media":0,"comment_status":"closed","ping_status":"closed","sticky":false,"template":"","format":"standard","meta":{"footnotes":""},"categories":[17991],"tags":[],"class_list":["post-93984","post","type-post","status-publish","format-standard","","category-son-dakika"],"_links":{"self":[{"href":"https:\/\/archive.sana.sy\/tr\/index.php?rest_route=\/wp\/v2\/posts\/93984","targetHints":{"allow":["GET"]}}],"collection":[{"href":"https:\/\/archive.sana.sy\/tr\/index.php?rest_route=\/wp\/v2\/posts"}],"about":[{"href":"https:\/\/archive.sana.sy\/tr\/index.php?rest_route=\/wp\/v2\/types\/post"}],"author":[{"embeddable":true,"href":"https:\/\/archive.sana.sy\/tr\/index.php?rest_route=\/wp\/v2\/users\/1"}],"replies":[{"embeddable":true,"href":"https:\/\/archive.sana.sy\/tr\/index.php?rest_route=%2Fwp%2Fv2%2Fcomments&post=93984"}],"version-history":[{"count":0,"href":"https:\/\/archive.sana.sy\/tr\/index.php?rest_route=\/wp\/v2\/posts\/93984\/revisions"}],"wp:attachment":[{"href":"https:\/\/archive.sana.sy\/tr\/index.php?rest_route=%2Fwp%2Fv2%2Fmedia&parent=93984"}],"wp:term":[{"taxonomy":"category","embeddable":true,"href":"https:\/\/archive.sana.sy\/tr\/index.php?rest_route=%2Fwp%2Fv2%2Fcategories&post=93984"},{"taxonomy":"post_tag","embeddable":true,"href":"https:\/\/archive.sana.sy\/tr\/index.php?rest_route=%2Fwp%2Fv2%2Ftags&post=93984"}],"curies":[{"name":"wp","href":"https:\/\/api.w.org\/{rel}","templated":true}]}}