{"id":93987,"date":"2016-11-06T16:38:13","date_gmt":"2016-11-06T14:38:13","guid":{"rendered":"http:\/\/www.sana.sy\/tr\/?p=93987"},"modified":"2016-11-07T15:46:42","modified_gmt":"2016-11-07T13:46:42","slug":"saldirgan-teroristlerin-agir-kayiplari-devam-ediyor","status":"publish","type":"post","link":"https:\/\/archive.sana.sy\/tr\/?p=93987","title":{"rendered":"Sald\u0131rgan Ter\u00f6ristlerin A\u011f\u0131r Kay\u0131plar\u0131 Devam Ediyor (video)"},"content":{"rendered":"<p>\u0130LLER\u00a0\u2013 \u0130\u015fverenleri d\u0131\u015f g\u00fc\u00e7lerin destek ve talimatlar\u0131yla masum sivil insanlara, altyap\u0131, hizmet kurumlar\u0131 ve askeri mevkilere sald\u0131r\u0131larda bulunan ter\u00f6ristlere kar\u015f\u0131 operasyonlar\u0131nda ordu birliklerimiz bug\u00fcn de onlar\u0131 say\u0131 ve ara\u00e7lar\u0131yla ciddi kay\u0131plara u\u011fratt\u0131.<\/p>\n<p><span style=\"color: #0000ff\">DERA:<\/span><\/p>\n<p>Askeri kaynak ordu birliklerimizin Dera\u2019da siyonist \u0130srail\u2019den ald\u0131klar\u0131 destek ve talimatlarla Dera Kentinin yakla\u015f\u0131k 20 km kuzeydo\u011fusuna d\u00fc\u015fen Hurbat Gazale B\u00f6lgesinde askeri bir mevkie sald\u0131ran radikal ve hain ter\u00f6ristlerle \u00e7at\u0131\u015fmaya girip sald\u0131r\u0131lar\u0131n\u0131 \u00e7\u00f6kerttiklerini belirtti.<\/p>\n<p>Kaynak \u00e7at\u0131\u015fmada sald\u0131rgan ter\u00f6ristlerin t\u00fcm\u00fcn\u00fcn ekipmanlar\u0131 ve ara\u00e7lar\u0131yla etkisizle\u015ftirildiklerini ifade ederken, aralar\u0131nda bariz tehlikeli isimlerin bulundu\u011funa dikkat \u00e7ekti.<\/p>\n<p>Dera Beledi\u2019in muhtelif b\u00f6lgelerinde Nusra Cephesi ve m\u00fcttefikleri di\u011fer ter\u00f6r \u00e7etelere kar\u015f\u0131 ba\u015far\u0131l\u0131 operasyonlar\u0131n ger\u00e7ekle\u015ftirildi\u011fini aktaran kaynak, ter\u00f6ristlerin burada da ara\u00e7lar\u0131 ve karargahlar\u0131yla ciddi kay\u0131plar verdiklerini ifade etti.<\/p>\n<p><span style=\"color: #0000ff\">RAKKA:<\/span><\/p>\n<p>Askeri kaynak hava g\u00fc\u00e7lerimizin Rakka K\u00f6pr\u00fcs\u00fc yak\u0131nlar\u0131 ve B\u011fayliye Beldesinde I\u015e\u0130D\u2019in karargah ve toplanma yerlerini imha eden hava g\u00fc\u00e7lerimizin, Teym Badiyesinde de b\u00fcy\u00fck bir e\u011fitim kamp\u0131n\u0131 muhtevalar\u0131yla imha ettiklerini vurgulad\u0131.<\/p>\n<p><span style=\"color: #0000ff\">\u015eAM KIRSALI:<\/span><\/p>\n<p>Askeri kaynak ordu birliklerimizin \u015eam k\u0131rsal\u0131n\u0131n g\u00fcneybat\u0131s\u0131nda Kunaytra ve Dera il s\u0131n\u0131rlar\u0131 \u00fc\u00e7geni yak\u0131nlar\u0131na d\u00fc\u015fen Han el \u015eiyh Beldesinin Buvaydiye B\u00f6lgesini arama tarama operasyonundan ge\u00e7irdi\u011fini belirtti.<br \/>\nKaynak arama operasyonu s\u0131ras\u0131nda \u0130srail\u2019den destek alan Nusra Cephesi ve m\u00fcttefikleri di\u011fer ter\u00f6r \u00f6rg\u00fctlerin muhtelif t\u00fcr m\u00fchimmat imal etmede kulland\u0131klar\u0131 at\u00f6lyeye ilaveten cephane depolar\u0131n\u0131n da ele ge\u00e7irildi\u011fini aktard\u0131. Depoda \u0130srail ve ABD yap\u0131m\u0131 muhtelif t\u00fcr silah ve m\u00fchimmat\u0131n bulundu\u011funa dikkat \u00e7eken kaynak; b\u00f6lgede olduk\u00e7a y\u00fcksek say\u0131da ter\u00f6ristin \u00f6ld\u00fcr\u00fcld\u00fc\u011f\u00fcne vurgu yapt\u0131.<\/p>\n<p>https:\/\/www.youtube.com\/watch?v=v2bngYuaYs0<\/p>\n<p><span style=\"color: #0000ff\">DEYREZZOR:<\/span><\/p>\n<p>Bu arada askeri kaynak ordu birliklerimizin Deyrezzor\u2019un Cafra ve Mureyiye b\u00f6lgelerinde I\u015e\u0130D mevkilerini imha ederek \u00e7ok say\u0131da ter\u00f6ristle birlikte a\u011f\u0131r silahlarla donat\u0131lm\u0131\u015f ara\u00e7lar\u0131n\u0131 imha ettiklerini belirtti.<\/p>\n<p>https:\/\/www.youtube.com\/watch?v=7-hf9tSgtXQ<\/p>\n<p><span style=\"color: #0000ff\">HAMA:<\/span><\/p>\n<p>Askeri kaynak ordu birliklerimizin Hama k\u0131rsal\u0131n\u0131n kuzeyinde \u2018Cey\u015ful Fetih\u2019 (\u0130slam Ordusu) ad\u0131 alt\u0131nda \u00e7ok say\u0131da yabanc\u0131 ter\u00f6risti bar\u0131nd\u0131ran ve Erdo\u011fan rejimine tabi olan radikal ter\u00f6ristlere y\u00f6nelik hava operasyonlar\u0131n\u0131n yo\u011funla\u015ft\u0131r\u0131ld\u0131\u011f\u0131n\u0131 belirtti.<\/p>\n<p>Kaynak Helfaya, Latamina, T\u0131ybat el \u0130mam, Lehaya, Zellakiyat, Masasina, Tel el Mintar ve Zur el Haysa b\u00f6lgelerinde Nusra Cephesi ve di\u011fer ter\u00f6r \u00f6rg\u00fctlerin mevki ve hareketlenmelerine odaklan\u0131lan operasyonlarda aralar\u0131nda tehlikeli isimlerin bulundu\u011fu y\u00fcksek say\u0131da ter\u00f6ristin \u00f6ld\u00fcr\u00fcld\u00fc\u011f\u00fcn\u00fc aktard\u0131. Radikallerin kulland\u0131klar\u0131 tank ve a\u011f\u0131r makineli silahlarla donat\u0131lm\u0131\u015f ara\u00e7lar\u0131n da imha edildi\u011fini belirten kaynak; karargah ve cephane depolar\u0131n\u0131n da imha edildi\u011fini s\u00f6yledi.<\/p>\n<p>Bu arada askeri kaynak ordu birliklerimizin askeri noktalara sald\u0131r\u0131 giri\u015fimlerinde bulunan radikallerden onlarcas\u0131n\u0131n \u00f6ld\u00fcr\u00fcld\u00fc\u011f\u00fcn\u00fc, a\u011f\u0131r silahlarla donat\u0131lm\u0131\u015f \u00e7ok say\u0131da ara\u00e7lar\u0131n\u0131n imha edildi\u011fini, may\u0131n imha eden z\u0131rhl\u0131 bir ara\u00e7lar\u0131na da el konuldu\u011funu aktard\u0131.<\/p>\n<p>https:\/\/www.youtube.com\/watch?v=VVibXL-O6ns<\/p>\n","protected":false},"excerpt":{"rendered":"<p>\u0130LLER\u00a0\u2013 \u0130\u015fverenleri d\u0131\u015f g\u00fc\u00e7lerin destek ve talimatlar\u0131yla masum sivil insanlara, altyap\u0131, hizmet kurumlar\u0131 ve askeri mevkilere sald\u0131r\u0131larda bulunan ter\u00f6ristlere kar\u015f\u0131 operasyonlar\u0131nda ordu birliklerimiz bug\u00fcn de onlar\u0131 say\u0131 ve ara\u00e7lar\u0131yla ciddi kay\u0131plara u\u011fratt\u0131. DERA: Askeri kaynak ordu birliklerimizin Dera\u2019da siyonist \u0130srail\u2019den ald\u0131klar\u0131 destek ve talimatlarla Dera Kentinin yakla\u015f\u0131k 20 km kuzeydo\u011fusuna d\u00fc\u015fen Hurbat Gazale B\u00f6lgesinde askeri &hellip;<\/p>\n","protected":false},"author":1,"featured_media":93989,"comment_status":"closed","ping_status":"closed","sticky":false,"template":"","format":"standard","meta":{"footnotes":""},"categories":[575,17988],"tags":[3464,18365,23799,18237,18576,2318,15945,23433,18347,18674,11549,19043,22182,19034],"class_list":["post-93987","post","type-post","status-publish","format-standard","has-post-thumbnail","","category-olaylar-ve-gercekler","category-son-haberler","tag-nusra-cephesi","tag-ahrar-el-sam","tag-ceysul-fetih","tag-cihatcilar","tag-daes","tag-isid","tag-ilimli-muhalifler","tag-mutedil-muhalifler","tag-oso","tag-silahli-muhalifler","tag-suriye-ordusu","tag-suriyede-son-durum","tag-suriyede-savas","tag-suriyeli-muhalifler"],"_links":{"self":[{"href":"https:\/\/archive.sana.sy\/tr\/index.php?rest_route=\/wp\/v2\/posts\/93987","targetHints":{"allow":["GET"]}}],"collection":[{"href":"https:\/\/archive.sana.sy\/tr\/index.php?rest_route=\/wp\/v2\/posts"}],"about":[{"href":"https:\/\/archive.sana.sy\/tr\/index.php?rest_route=\/wp\/v2\/types\/post"}],"author":[{"embeddable":true,"href":"https:\/\/archive.sana.sy\/tr\/index.php?rest_route=\/wp\/v2\/users\/1"}],"replies":[{"embeddable":true,"href":"https:\/\/archive.sana.sy\/tr\/index.php?rest_route=%2Fwp%2Fv2%2Fcomments&post=93987"}],"version-history":[{"count":0,"href":"https:\/\/archive.sana.sy\/tr\/index.php?rest_route=\/wp\/v2\/posts\/93987\/revisions"}],"wp:featuredmedia":[{"embeddable":true,"href":"https:\/\/archive.sana.sy\/tr\/index.php?rest_route=\/wp\/v2\/media\/93989"}],"wp:attachment":[{"href":"https:\/\/archive.sana.sy\/tr\/index.php?rest_route=%2Fwp%2Fv2%2Fmedia&parent=93987"}],"wp:term":[{"taxonomy":"category","embeddable":true,"href":"https:\/\/archive.sana.sy\/tr\/index.php?rest_route=%2Fwp%2Fv2%2Fcategories&post=93987"},{"taxonomy":"post_tag","embeddable":true,"href":"https:\/\/archive.sana.sy\/tr\/index.php?rest_route=%2Fwp%2Fv2%2Ftags&post=93987"}],"curies":[{"name":"wp","href":"https:\/\/api.w.org\/{rel}","templated":true}]}}