{"id":93991,"date":"2016-11-06T15:48:04","date_gmt":"2016-11-06T13:48:04","guid":{"rendered":"http:\/\/www.sana.sy\/tr\/?p=93991"},"modified":"2016-11-11T17:27:38","modified_gmt":"2016-11-11T15:27:38","slug":"teror-magdurlari-bir-yil-hizmet-harclarindan-muaf-tutuldu","status":"publish","type":"post","link":"https:\/\/archive.sana.sy\/tr\/?p=93991","title":{"rendered":"Ter\u00f6r Ma\u011fdurlar\u0131 Bir Y\u0131l Hizmet Har\u00e7lar\u0131ndan Muaf Tutuldu"},"content":{"rendered":"<p>HALEP \u2013 Halep\u2019te \u015eeyh Neccar Organize Sanayi B\u00f6lgesi y\u00f6netim kurulu bug\u00fcn d\u00fczenledi\u011fi toplant\u0131da b\u00f6lgedeki yat\u0131r\u0131m durumu ve bu yat\u0131r\u0131mlar\u0131 artt\u0131rma olanaklar\u0131n\u0131 g\u00fcndeme getirdi.<\/p>\n<p>Toplant\u0131da sanayi b\u00f6lgesinde bulunan sanayiciler, nakliye ofisleri ve muhtelif t\u00fcr i\u015fyerlerine sahip olup da ter\u00f6r sald\u0131r\u0131lar\u0131 sonucunda hasar g\u00f6renlerin bu y\u0131l boyunca hizmet har\u00e7lar\u0131ndan muaf tutulmalar\u0131 karar\u0131 al\u0131nd\u0131.<\/p>\n<p>Toplant\u0131da Halep Valisi H\u00fcseyin Diyab \u00fcretimin artt\u0131r\u0131lmas\u0131 ve ekonominin desteklenmesi amac\u0131yla g\u00f6sterilen \u00f6zen ve harcanan \u00e7abalara dikkat \u00e7ekerken, bu ba\u011flamda \u015eeyh Neccar Sanayi B\u00f6lgesi ve yat\u0131r\u0131mc\u0131lar\u0131n\u0131n gereksinimlerini kar\u015f\u0131lama gayretinin alt\u0131n\u0131 \u00e7izdi.<\/p>\n<p>Sanayi B\u00f6lgesi M\u00fcd\u00fcr\u00fc Hazim Accan b\u00f6lgede sanayi ve yat\u0131r\u0131m durumun\u0131n yan\u0131 s\u0131ra ya\u015fanan sorunlara \u0131\u015f\u0131k tutarken, muhtelif sanayi alanlar\u0131nda 320\u2019den fazla fabrikan\u0131n b\u00f6lgede \u00fcretim yapmakta oldu\u011funu belirtti.<\/p>\n","protected":false},"excerpt":{"rendered":"<p>HALEP \u2013 Halep\u2019te \u015eeyh Neccar Organize Sanayi B\u00f6lgesi y\u00f6netim kurulu bug\u00fcn d\u00fczenledi\u011fi toplant\u0131da b\u00f6lgedeki yat\u0131r\u0131m durumu ve bu yat\u0131r\u0131mlar\u0131 artt\u0131rma olanaklar\u0131n\u0131 g\u00fcndeme getirdi. Toplant\u0131da sanayi b\u00f6lgesinde bulunan sanayiciler, nakliye ofisleri ve muhtelif t\u00fcr i\u015fyerlerine sahip olup da ter\u00f6r sald\u0131r\u0131lar\u0131 sonucunda hasar g\u00f6renlerin bu y\u0131l boyunca hizmet har\u00e7lar\u0131ndan muaf tutulmalar\u0131 karar\u0131 al\u0131nd\u0131. Toplant\u0131da Halep Valisi H\u00fcseyin &hellip;<\/p>\n","protected":false},"author":1,"featured_media":93992,"comment_status":"closed","ping_status":"closed","sticky":false,"template":"","format":"standard","meta":{"footnotes":""},"categories":[485,486,17988],"tags":[1132,25129,25130],"class_list":["post-93991","post","type-post","status-publish","format-standard","has-post-thumbnail","","category-is-ve-sermaye","category-haberler-is-ve-sermaye","category-son-haberler","tag-halep","tag-sanayi-bolgesi","tag-seyh-neccar-sanayi-bolgesi"],"_links":{"self":[{"href":"https:\/\/archive.sana.sy\/tr\/index.php?rest_route=\/wp\/v2\/posts\/93991","targetHints":{"allow":["GET"]}}],"collection":[{"href":"https:\/\/archive.sana.sy\/tr\/index.php?rest_route=\/wp\/v2\/posts"}],"about":[{"href":"https:\/\/archive.sana.sy\/tr\/index.php?rest_route=\/wp\/v2\/types\/post"}],"author":[{"embeddable":true,"href":"https:\/\/archive.sana.sy\/tr\/index.php?rest_route=\/wp\/v2\/users\/1"}],"replies":[{"embeddable":true,"href":"https:\/\/archive.sana.sy\/tr\/index.php?rest_route=%2Fwp%2Fv2%2Fcomments&post=93991"}],"version-history":[{"count":0,"href":"https:\/\/archive.sana.sy\/tr\/index.php?rest_route=\/wp\/v2\/posts\/93991\/revisions"}],"wp:featuredmedia":[{"embeddable":true,"href":"https:\/\/archive.sana.sy\/tr\/index.php?rest_route=\/wp\/v2\/media\/93992"}],"wp:attachment":[{"href":"https:\/\/archive.sana.sy\/tr\/index.php?rest_route=%2Fwp%2Fv2%2Fmedia&parent=93991"}],"wp:term":[{"taxonomy":"category","embeddable":true,"href":"https:\/\/archive.sana.sy\/tr\/index.php?rest_route=%2Fwp%2Fv2%2Fcategories&post=93991"},{"taxonomy":"post_tag","embeddable":true,"href":"https:\/\/archive.sana.sy\/tr\/index.php?rest_route=%2Fwp%2Fv2%2Ftags&post=93991"}],"curies":[{"name":"wp","href":"https:\/\/api.w.org\/{rel}","templated":true}]}}