{"id":93995,"date":"2016-11-06T15:55:09","date_gmt":"2016-11-06T13:55:09","guid":{"rendered":"http:\/\/www.sana.sy\/tr\/?p=93995"},"modified":"2016-11-06T15:55:25","modified_gmt":"2016-11-06T13:55:25","slug":"halep-valiliginde-bir-kaynak-ise-kentin-dogu-semtlerinde-dis-guclerin-destek-ve-talimatlariyla-sivil-bolgelere-ve-hizmet-kurumlarina-saldirilarini-surduren-teroristlerin-hamadaniye-esrefiye-ve-yeni-h","status":"publish","type":"post","link":"https:\/\/archive.sana.sy\/tr\/?p=93995","title":{"rendered":"Halep Valili\u011finde bir kaynak kentin do\u011fu semtlerinde d\u0131\u015f g\u00fc\u00e7lerin destek ve talimatlar\u0131yla sivil b\u00f6lgelere ve hizmet kurumlar\u0131na sald\u0131r\u0131lar\u0131n\u0131 s\u00fcrd\u00fcren ter\u00f6ristlerin Hamadaniye, E\u015frefiye ve Yeni Halep semtlerine f\u00fczlerle sald\u0131rmalar\u0131 sonucunda 2 ki\u015finin \u015fehit, 7 ki\u015finin de yaral\u0131 d\u00fc\u015ft\u00fcklerini belirtti"},"content":{"rendered":"<p>Halep Valili\u011finde bir kaynak kentin do\u011fu semtlerinde d\u0131\u015f g\u00fc\u00e7lerin destek ve talimatlar\u0131yla sivil b\u00f6lgelere ve hizmet kurumlar\u0131na sald\u0131r\u0131lar\u0131n\u0131 s\u00fcrd\u00fcren ter\u00f6ristlerin Hamadaniye, E\u015frefiye ve Yeni Halep semtlerine f\u00fczlerle sald\u0131rmalar\u0131 sonucunda 2 ki\u015finin \u015fehit, 7 ki\u015finin de yaral\u0131 d\u00fc\u015ft\u00fcklerini belirtti<\/p>\n","protected":false},"excerpt":{"rendered":"<p>Halep Valili\u011finde bir kaynak kentin do\u011fu semtlerinde d\u0131\u015f g\u00fc\u00e7lerin destek ve talimatlar\u0131yla sivil b\u00f6lgelere ve hizmet kurumlar\u0131na sald\u0131r\u0131lar\u0131n\u0131 s\u00fcrd\u00fcren ter\u00f6ristlerin Hamadaniye, E\u015frefiye ve Yeni Halep semtlerine f\u00fczlerle sald\u0131rmalar\u0131 sonucunda 2 ki\u015finin \u015fehit, 7 ki\u015finin de yaral\u0131 d\u00fc\u015ft\u00fcklerini belirtti<\/p>\n","protected":false},"author":1,"featured_media":0,"comment_status":"closed","ping_status":"closed","sticky":false,"template":"","format":"standard","meta":{"footnotes":""},"categories":[17991],"tags":[],"class_list":["post-93995","post","type-post","status-publish","format-standard","","category-son-dakika"],"_links":{"self":[{"href":"https:\/\/archive.sana.sy\/tr\/index.php?rest_route=\/wp\/v2\/posts\/93995","targetHints":{"allow":["GET"]}}],"collection":[{"href":"https:\/\/archive.sana.sy\/tr\/index.php?rest_route=\/wp\/v2\/posts"}],"about":[{"href":"https:\/\/archive.sana.sy\/tr\/index.php?rest_route=\/wp\/v2\/types\/post"}],"author":[{"embeddable":true,"href":"https:\/\/archive.sana.sy\/tr\/index.php?rest_route=\/wp\/v2\/users\/1"}],"replies":[{"embeddable":true,"href":"https:\/\/archive.sana.sy\/tr\/index.php?rest_route=%2Fwp%2Fv2%2Fcomments&post=93995"}],"version-history":[{"count":0,"href":"https:\/\/archive.sana.sy\/tr\/index.php?rest_route=\/wp\/v2\/posts\/93995\/revisions"}],"wp:attachment":[{"href":"https:\/\/archive.sana.sy\/tr\/index.php?rest_route=%2Fwp%2Fv2%2Fmedia&parent=93995"}],"wp:term":[{"taxonomy":"category","embeddable":true,"href":"https:\/\/archive.sana.sy\/tr\/index.php?rest_route=%2Fwp%2Fv2%2Fcategories&post=93995"},{"taxonomy":"post_tag","embeddable":true,"href":"https:\/\/archive.sana.sy\/tr\/index.php?rest_route=%2Fwp%2Fv2%2Ftags&post=93995"}],"curies":[{"name":"wp","href":"https:\/\/api.w.org\/{rel}","templated":true}]}}