{"id":94090,"date":"2016-11-07T08:26:25","date_gmt":"2016-11-07T06:26:25","guid":{"rendered":"http:\/\/www.sana.sy\/tr\/?p=94090"},"modified":"2016-11-07T14:15:40","modified_gmt":"2016-11-07T12:15:40","slug":"eli-kanli-teroristler-bugun-sabah-saatlerinde-haseke-iline-tabi-kamisli-kentinde-devlet-hastanesi-onunde-yerlestirdikleri-bir-bomba-duzenegini-havaya-ucurdu","status":"publish","type":"post","link":"https:\/\/archive.sana.sy\/tr\/?p=94090","title":{"rendered":"Eli kanl\u0131 ter\u00f6ristler bug\u00fcn sabah saatlerinde Haseke \u0130line tabi Kam\u0131\u015fl\u0131 Kentinde devlet hastanesi \u00f6n\u00fcnde yerle\u015ftirdikleri bir bomba d\u00fczene\u011fini havaya u\u00e7urdu"},"content":{"rendered":"<p>Eli kanl\u0131 ter\u00f6ristler bug\u00fcn sabah saatlerinde Haseke \u0130line tabi Kam\u0131\u015fl\u0131 Kentinde devlet hastanesi \u00f6n\u00fcnde yerle\u015ftirdikleri bir bomba d\u00fczene\u011fini havaya u\u00e7urdu<\/p>\n","protected":false},"excerpt":{"rendered":"<p>Eli kanl\u0131 ter\u00f6ristler bug\u00fcn sabah saatlerinde Haseke \u0130line tabi Kam\u0131\u015fl\u0131 Kentinde devlet hastanesi \u00f6n\u00fcnde yerle\u015ftirdikleri bir bomba d\u00fczene\u011fini havaya u\u00e7urdu<\/p>\n","protected":false},"author":1,"featured_media":0,"comment_status":"closed","ping_status":"closed","sticky":false,"template":"","format":"standard","meta":{"footnotes":""},"categories":[17991],"tags":[],"class_list":["post-94090","post","type-post","status-publish","format-standard","","category-son-dakika"],"_links":{"self":[{"href":"https:\/\/archive.sana.sy\/tr\/index.php?rest_route=\/wp\/v2\/posts\/94090","targetHints":{"allow":["GET"]}}],"collection":[{"href":"https:\/\/archive.sana.sy\/tr\/index.php?rest_route=\/wp\/v2\/posts"}],"about":[{"href":"https:\/\/archive.sana.sy\/tr\/index.php?rest_route=\/wp\/v2\/types\/post"}],"author":[{"embeddable":true,"href":"https:\/\/archive.sana.sy\/tr\/index.php?rest_route=\/wp\/v2\/users\/1"}],"replies":[{"embeddable":true,"href":"https:\/\/archive.sana.sy\/tr\/index.php?rest_route=%2Fwp%2Fv2%2Fcomments&post=94090"}],"version-history":[{"count":0,"href":"https:\/\/archive.sana.sy\/tr\/index.php?rest_route=\/wp\/v2\/posts\/94090\/revisions"}],"wp:attachment":[{"href":"https:\/\/archive.sana.sy\/tr\/index.php?rest_route=%2Fwp%2Fv2%2Fmedia&parent=94090"}],"wp:term":[{"taxonomy":"category","embeddable":true,"href":"https:\/\/archive.sana.sy\/tr\/index.php?rest_route=%2Fwp%2Fv2%2Fcategories&post=94090"},{"taxonomy":"post_tag","embeddable":true,"href":"https:\/\/archive.sana.sy\/tr\/index.php?rest_route=%2Fwp%2Fv2%2Ftags&post=94090"}],"curies":[{"name":"wp","href":"https:\/\/api.w.org\/{rel}","templated":true}]}}