{"id":94110,"date":"2016-11-07T12:02:14","date_gmt":"2016-11-07T10:02:14","guid":{"rendered":"http:\/\/www.sana.sy\/tr\/?p=94110"},"modified":"2016-11-07T14:40:20","modified_gmt":"2016-11-07T12:40:20","slug":"sam-emniyet-mudurlugunde-bir-kaynak-cobar-ve-dogu-gutada-bulunan-ceysul-islam-islam-ordusu-adi-altinda-vahhabi-suudi-arabistan-rejimine-tabi-olarak-teror-estiren-radikal","status":"publish","type":"post","link":"https:\/\/archive.sana.sy\/tr\/?p=94110","title":{"rendered":"\u015eam Emniyet M\u00fcd\u00fcrl\u00fc\u011f\u00fcnde bir kaynak; Cobar ve Do\u011fu \u011euta\u2019da bulunan \u2018Cey\u015ful \u0130slam\u2019 (\u0130slam Ordusu) ad\u0131 alt\u0131nda vahhabi Suudi Arabistan rejimine tabi olarak ter\u00f6r estiren radikal ter\u00f6ristlerin bug\u00fcn ba\u015fkent \u015eam\u2019\u0131n Mezze Semtine f\u00fcze ve patlay\u0131c\u0131 mermilerle sald\u0131rd\u0131klar\u0131n\u0131 belirtti"},"content":{"rendered":"<p>\u015eam Emniyet M\u00fcd\u00fcrl\u00fc\u011f\u00fcnde bir kaynak; Cobar ve Do\u011fu \u011euta\u2019da bulunan \u2018Cey\u015ful \u0130slam\u2019 (\u0130slam Ordusu) ad\u0131 alt\u0131nda vahhabi Suudi Arabistan rejimine tabi olarak ter\u00f6r estiren radikal ter\u00f6ristlerin bug\u00fcn ba\u015fkent \u015eam\u2019\u0131n Mezze Semtine f\u00fcze ve patlay\u0131c\u0131 mermilerle sald\u0131rd\u0131klar\u0131n\u0131 belirtti<\/p>\n","protected":false},"excerpt":{"rendered":"<p>\u015eam Emniyet M\u00fcd\u00fcrl\u00fc\u011f\u00fcnde bir kaynak; Cobar ve Do\u011fu \u011euta\u2019da bulunan \u2018Cey\u015ful \u0130slam\u2019 (\u0130slam Ordusu) ad\u0131 alt\u0131nda vahhabi Suudi Arabistan rejimine tabi olarak ter\u00f6r estiren radikal ter\u00f6ristlerin bug\u00fcn ba\u015fkent \u015eam\u2019\u0131n Mezze Semtine f\u00fcze ve patlay\u0131c\u0131 mermilerle sald\u0131rd\u0131klar\u0131n\u0131 belirtti<\/p>\n","protected":false},"author":1,"featured_media":0,"comment_status":"closed","ping_status":"closed","sticky":false,"template":"","format":"standard","meta":{"footnotes":""},"categories":[17991],"tags":[],"class_list":["post-94110","post","type-post","status-publish","format-standard","","category-son-dakika"],"_links":{"self":[{"href":"https:\/\/archive.sana.sy\/tr\/index.php?rest_route=\/wp\/v2\/posts\/94110","targetHints":{"allow":["GET"]}}],"collection":[{"href":"https:\/\/archive.sana.sy\/tr\/index.php?rest_route=\/wp\/v2\/posts"}],"about":[{"href":"https:\/\/archive.sana.sy\/tr\/index.php?rest_route=\/wp\/v2\/types\/post"}],"author":[{"embeddable":true,"href":"https:\/\/archive.sana.sy\/tr\/index.php?rest_route=\/wp\/v2\/users\/1"}],"replies":[{"embeddable":true,"href":"https:\/\/archive.sana.sy\/tr\/index.php?rest_route=%2Fwp%2Fv2%2Fcomments&post=94110"}],"version-history":[{"count":0,"href":"https:\/\/archive.sana.sy\/tr\/index.php?rest_route=\/wp\/v2\/posts\/94110\/revisions"}],"wp:attachment":[{"href":"https:\/\/archive.sana.sy\/tr\/index.php?rest_route=%2Fwp%2Fv2%2Fmedia&parent=94110"}],"wp:term":[{"taxonomy":"category","embeddable":true,"href":"https:\/\/archive.sana.sy\/tr\/index.php?rest_route=%2Fwp%2Fv2%2Fcategories&post=94110"},{"taxonomy":"post_tag","embeddable":true,"href":"https:\/\/archive.sana.sy\/tr\/index.php?rest_route=%2Fwp%2Fv2%2Ftags&post=94110"}],"curies":[{"name":"wp","href":"https:\/\/api.w.org\/{rel}","templated":true}]}}