{"id":94112,"date":"2016-11-07T12:06:15","date_gmt":"2016-11-07T10:06:15","guid":{"rendered":"http:\/\/www.sana.sy\/tr\/?p=94112"},"modified":"2016-11-07T14:40:50","modified_gmt":"2016-11-07T12:40:50","slug":"kaynak-radikal-cetelerin-teror-saldirilarinda-aralarinda-cocuk-ve-kadinlarin-bulundugu-7-vatandasin-yaralandigini-belirtirken-ozel-ve-kamu-mulklerde-maddi-hasar-meydana-geldigine-dikkat-cekti","status":"publish","type":"post","link":"https:\/\/archive.sana.sy\/tr\/?p=94112","title":{"rendered":"Kaynak radikal \u00e7etelerin ter\u00f6r sald\u0131r\u0131lar\u0131nda aralar\u0131nda \u00e7ocuk ve kad\u0131nlar\u0131n bulundu\u011fu 7 vatanda\u015f\u0131n yaraland\u0131\u011f\u0131n\u0131 belirtirken, \u00f6zel ve kamu m\u00fclklerde maddi hasar meydana geldi\u011fine dikkat \u00e7ekti"},"content":{"rendered":"<p>Kaynak radikal \u00e7etelerin ter\u00f6r sald\u0131r\u0131lar\u0131nda aralar\u0131nda \u00e7ocuk ve kad\u0131nlar\u0131n bulundu\u011fu 7 vatanda\u015f\u0131n yaraland\u0131\u011f\u0131n\u0131 belirtirken, \u00f6zel ve kamu m\u00fclklerde maddi hasar meydana geldi\u011fine dikkat \u00e7ekti<\/p>\n","protected":false},"excerpt":{"rendered":"<p>Kaynak radikal \u00e7etelerin ter\u00f6r sald\u0131r\u0131lar\u0131nda aralar\u0131nda \u00e7ocuk ve kad\u0131nlar\u0131n bulundu\u011fu 7 vatanda\u015f\u0131n yaraland\u0131\u011f\u0131n\u0131 belirtirken, \u00f6zel ve kamu m\u00fclklerde maddi hasar meydana geldi\u011fine dikkat \u00e7ekti<\/p>\n","protected":false},"author":1,"featured_media":0,"comment_status":"closed","ping_status":"closed","sticky":false,"template":"","format":"standard","meta":{"footnotes":""},"categories":[17991],"tags":[],"class_list":["post-94112","post","type-post","status-publish","format-standard","","category-son-dakika"],"_links":{"self":[{"href":"https:\/\/archive.sana.sy\/tr\/index.php?rest_route=\/wp\/v2\/posts\/94112","targetHints":{"allow":["GET"]}}],"collection":[{"href":"https:\/\/archive.sana.sy\/tr\/index.php?rest_route=\/wp\/v2\/posts"}],"about":[{"href":"https:\/\/archive.sana.sy\/tr\/index.php?rest_route=\/wp\/v2\/types\/post"}],"author":[{"embeddable":true,"href":"https:\/\/archive.sana.sy\/tr\/index.php?rest_route=\/wp\/v2\/users\/1"}],"replies":[{"embeddable":true,"href":"https:\/\/archive.sana.sy\/tr\/index.php?rest_route=%2Fwp%2Fv2%2Fcomments&post=94112"}],"version-history":[{"count":0,"href":"https:\/\/archive.sana.sy\/tr\/index.php?rest_route=\/wp\/v2\/posts\/94112\/revisions"}],"wp:attachment":[{"href":"https:\/\/archive.sana.sy\/tr\/index.php?rest_route=%2Fwp%2Fv2%2Fmedia&parent=94112"}],"wp:term":[{"taxonomy":"category","embeddable":true,"href":"https:\/\/archive.sana.sy\/tr\/index.php?rest_route=%2Fwp%2Fv2%2Fcategories&post=94112"},{"taxonomy":"post_tag","embeddable":true,"href":"https:\/\/archive.sana.sy\/tr\/index.php?rest_route=%2Fwp%2Fv2%2Ftags&post=94112"}],"curies":[{"name":"wp","href":"https:\/\/api.w.org\/{rel}","templated":true}]}}