{"id":94120,"date":"2016-11-07T10:23:06","date_gmt":"2016-11-07T08:23:06","guid":{"rendered":"http:\/\/www.sana.sy\/tr\/?p=94120"},"modified":"2016-11-07T14:46:11","modified_gmt":"2016-11-07T12:46:11","slug":"halep-emniyet-mudurlugunde-bir-kaynak-ise-abd-ve-muttefiklerinin-ilimli-muhalifler-olarak-nitelendirip-desteklemeleriyle-kentin-dogu-semtlerinde-masum-sivil-insanlari-canli-kalkan-ol","status":"publish","type":"post","link":"https:\/\/archive.sana.sy\/tr\/?p=94120","title":{"rendered":"Halep Emniyet M\u00fcd\u00fcrl\u00fc\u011f\u00fcnde bir kaynak ise ABD ve m\u00fcttefiklerinin \u2018\u0131l\u0131ml\u0131 muhalifler\u2019 olarak nitelendirip desteklemeleriyle kentin do\u011fu semtlerinde masum sivil insanlar\u0131 canl\u0131 kalkan olarak rehine alan az\u0131l\u0131 ter\u00f6ristlerin kentin muhtelif sivil yerle\u015fim alanlar\u0131n\u0131 geli\u015fig\u00fczel f\u00fczelerle sald\u0131rmaya devam ettiklerini aktard\u0131"},"content":{"rendered":"<p>Halep Emniyet M\u00fcd\u00fcrl\u00fc\u011f\u00fcnde bir kaynak ise ABD ve m\u00fcttefiklerinin \u2018\u0131l\u0131ml\u0131 muhalifler\u2019 olarak nitelendirip desteklemeleriyle kentin do\u011fu semtlerinde masum sivil insanlar\u0131 canl\u0131 kalkan olarak rehine alan az\u0131l\u0131 ter\u00f6ristlerin kentin muhtelif sivil yerle\u015fim alanlar\u0131n\u0131 geli\u015fig\u00fczel f\u00fczelerle sald\u0131rmaya devam ettiklerini aktard\u0131<\/p>\n","protected":false},"excerpt":{"rendered":"<p>Halep Emniyet M\u00fcd\u00fcrl\u00fc\u011f\u00fcnde bir kaynak ise ABD ve m\u00fcttefiklerinin \u2018\u0131l\u0131ml\u0131 muhalifler\u2019 olarak nitelendirip desteklemeleriyle kentin do\u011fu semtlerinde masum sivil insanlar\u0131 canl\u0131 kalkan olarak rehine alan az\u0131l\u0131 ter\u00f6ristlerin kentin muhtelif sivil yerle\u015fim alanlar\u0131n\u0131 geli\u015fig\u00fczel f\u00fczelerle sald\u0131rmaya devam ettiklerini aktard\u0131<\/p>\n","protected":false},"author":1,"featured_media":0,"comment_status":"closed","ping_status":"closed","sticky":false,"template":"","format":"standard","meta":{"footnotes":""},"categories":[17991],"tags":[],"class_list":["post-94120","post","type-post","status-publish","format-standard","","category-son-dakika"],"_links":{"self":[{"href":"https:\/\/archive.sana.sy\/tr\/index.php?rest_route=\/wp\/v2\/posts\/94120","targetHints":{"allow":["GET"]}}],"collection":[{"href":"https:\/\/archive.sana.sy\/tr\/index.php?rest_route=\/wp\/v2\/posts"}],"about":[{"href":"https:\/\/archive.sana.sy\/tr\/index.php?rest_route=\/wp\/v2\/types\/post"}],"author":[{"embeddable":true,"href":"https:\/\/archive.sana.sy\/tr\/index.php?rest_route=\/wp\/v2\/users\/1"}],"replies":[{"embeddable":true,"href":"https:\/\/archive.sana.sy\/tr\/index.php?rest_route=%2Fwp%2Fv2%2Fcomments&post=94120"}],"version-history":[{"count":0,"href":"https:\/\/archive.sana.sy\/tr\/index.php?rest_route=\/wp\/v2\/posts\/94120\/revisions"}],"wp:attachment":[{"href":"https:\/\/archive.sana.sy\/tr\/index.php?rest_route=%2Fwp%2Fv2%2Fmedia&parent=94120"}],"wp:term":[{"taxonomy":"category","embeddable":true,"href":"https:\/\/archive.sana.sy\/tr\/index.php?rest_route=%2Fwp%2Fv2%2Fcategories&post=94120"},{"taxonomy":"post_tag","embeddable":true,"href":"https:\/\/archive.sana.sy\/tr\/index.php?rest_route=%2Fwp%2Fv2%2Ftags&post=94120"}],"curies":[{"name":"wp","href":"https:\/\/api.w.org\/{rel}","templated":true}]}}