{"id":94124,"date":"2016-11-07T14:30:54","date_gmt":"2016-11-07T12:30:54","guid":{"rendered":"http:\/\/www.sana.sy\/tr\/?p=94124"},"modified":"2016-11-11T17:25:28","modified_gmt":"2016-11-11T15:25:28","slug":"suriye-ihracat-sirketi-kuruluyor","status":"publish","type":"post","link":"https:\/\/archive.sana.sy\/tr\/?p=94124","title":{"rendered":"Suriye \u0130hracat \u015eirketi Kuruluyor"},"content":{"rendered":"<p>\u015eAM \u2013 \u015eam Ticaret Odas\u0131 Y\u00f6netim Kurulu bug\u00fcn d\u00fczenledi\u011fi oturumda, Suriye Ticaret Odalar\u0131 Birli\u011fi ile i\u015fbirli\u011fi i\u00e7inde bir milyar lira sermaye ile Suriye \u0130hracat \u015eirketi kurma \u00e7al\u0131\u015fmalar\u0131 ba\u015flatme ve bu \u00e7al\u0131\u015fmalar\u0131 en k\u0131sa s\u00fcre i\u00e7inde tamamlama karar\u0131 ald\u0131.<\/p>\n<p>Kararda \u00f6zel anonim \u015firketi \u00f6zelli\u011fi ta\u015f\u0131yacak s\u00f6z konusu \u015firketin Suriye \u00fcr\u00fcnlerinin uluslar aras\u0131 piyasalarda tan\u0131t\u0131lmas\u0131, Pazar bulma, ihracat\u0131 organize etme ve kargo i\u015fleri gibi faaliyetlerde bulunaca\u011f\u0131 kaydedildi.<\/p>\n<p>\u015eam Ticaret Odas\u0131 Ba\u015fkan\u0131 Muhammed Gassan el Kalla SANA\u2019ya a\u00e7\u0131klamas\u0131nda; isteyen i\u015f adamlar\u0131n\u0131n hisse sat\u0131n alabilecekleri \u015firketin Suriye&#8217;de \u00fcretilen sanayi, tar\u0131m ve daha ba\u015fka \u00fcr\u00fcnlerin yurtd\u0131\u015f\u0131na ihracat\u0131n\u0131 kolayla\u015ft\u0131r\u0131p artt\u0131raca\u011f\u0131n\u0131 ifade etti.<\/p>\n","protected":false},"excerpt":{"rendered":"<p>\u015eAM \u2013 \u015eam Ticaret Odas\u0131 Y\u00f6netim Kurulu bug\u00fcn d\u00fczenledi\u011fi oturumda, Suriye Ticaret Odalar\u0131 Birli\u011fi ile i\u015fbirli\u011fi i\u00e7inde bir milyar lira sermaye ile Suriye \u0130hracat \u015eirketi kurma \u00e7al\u0131\u015fmalar\u0131 ba\u015flatme ve bu \u00e7al\u0131\u015fmalar\u0131 en k\u0131sa s\u00fcre i\u00e7inde tamamlama karar\u0131 ald\u0131. Kararda \u00f6zel anonim \u015firketi \u00f6zelli\u011fi ta\u015f\u0131yacak s\u00f6z konusu \u015firketin Suriye \u00fcr\u00fcnlerinin uluslar aras\u0131 piyasalarda tan\u0131t\u0131lmas\u0131, Pazar bulma, &hellip;<\/p>\n","protected":false},"author":1,"featured_media":94136,"comment_status":"closed","ping_status":"closed","sticky":false,"template":"","format":"standard","meta":{"footnotes":""},"categories":[485,486,17988],"tags":[25148,21525,25147,24421,25146],"class_list":["post-94124","post","type-post","status-publish","format-standard","has-post-thumbnail","","category-is-ve-sermaye","category-haberler-is-ve-sermaye","category-son-haberler","tag-muhammed-gassan-el-kalla","tag-sam-ticaret-odasi","tag-sirket-kuruldu","tag-suriye-ekonomisi","tag-suriye-ihracart-sirketi"],"_links":{"self":[{"href":"https:\/\/archive.sana.sy\/tr\/index.php?rest_route=\/wp\/v2\/posts\/94124","targetHints":{"allow":["GET"]}}],"collection":[{"href":"https:\/\/archive.sana.sy\/tr\/index.php?rest_route=\/wp\/v2\/posts"}],"about":[{"href":"https:\/\/archive.sana.sy\/tr\/index.php?rest_route=\/wp\/v2\/types\/post"}],"author":[{"embeddable":true,"href":"https:\/\/archive.sana.sy\/tr\/index.php?rest_route=\/wp\/v2\/users\/1"}],"replies":[{"embeddable":true,"href":"https:\/\/archive.sana.sy\/tr\/index.php?rest_route=%2Fwp%2Fv2%2Fcomments&post=94124"}],"version-history":[{"count":0,"href":"https:\/\/archive.sana.sy\/tr\/index.php?rest_route=\/wp\/v2\/posts\/94124\/revisions"}],"wp:featuredmedia":[{"embeddable":true,"href":"https:\/\/archive.sana.sy\/tr\/index.php?rest_route=\/wp\/v2\/media\/94136"}],"wp:attachment":[{"href":"https:\/\/archive.sana.sy\/tr\/index.php?rest_route=%2Fwp%2Fv2%2Fmedia&parent=94124"}],"wp:term":[{"taxonomy":"category","embeddable":true,"href":"https:\/\/archive.sana.sy\/tr\/index.php?rest_route=%2Fwp%2Fv2%2Fcategories&post=94124"},{"taxonomy":"post_tag","embeddable":true,"href":"https:\/\/archive.sana.sy\/tr\/index.php?rest_route=%2Fwp%2Fv2%2Ftags&post=94124"}],"curies":[{"name":"wp","href":"https:\/\/api.w.org\/{rel}","templated":true}]}}