{"id":94128,"date":"2016-11-07T16:05:29","date_gmt":"2016-11-07T14:05:29","guid":{"rendered":"http:\/\/www.sana.sy\/tr\/?p=94128"},"modified":"2016-11-11T17:24:53","modified_gmt":"2016-11-11T15:24:53","slug":"cumhurbaskani-esadtan-avna-mesaj","status":"publish","type":"post","link":"https:\/\/archive.sana.sy\/tr\/?p=94128","title":{"rendered":"Cumhurba\u015fkan\u0131 Esad\u2019tan Avn\u2019a Mesaj"},"content":{"rendered":"<p>BEYRUT \u2013 L\u00fcbnan Cumhurba\u015fkan\u0131 Mi\u015fel Avn bug\u00fcn, Cumhurba\u015fkan\u0131 Be\u015f\u015far el Esad\u2019\u0131n delegesi ve Cumhurba\u015fkanl\u0131\u011f\u0131 \u0130\u015flerinden Sorumlu Devlet Bakan\u0131 Mansur Azzam\u2019\u0131 Suriye&#8217;nin Beyrut B\u00fcy\u00fckel\u00e7ili\u011fi huzurunda kabul etti.<\/p>\n<p>G\u00f6r\u00fc\u015fmenin ard\u0131ndan bas\u0131na a\u00e7\u0131klama yapan Bakan Azzam; g\u00f6r\u00fc\u015fmede el Esad\u2019tan bir mesaj\u0131 Avn\u2019a teslim etti\u011fini belirtti. Mesajda el Esad\u2019\u0131n kendisi ve Suriye halk\u0131 ad\u0131na cumhurba\u015fkan\u0131 olarak se\u00e7ilen Avn\u2019a g\u00fczel temennilerde bulundu\u011funu ifade eden Azzam; ayn\u0131 zamanda b\u00f6lge istikrar\u0131n\u0131n sa\u011flanmas\u0131ndaki rol\u00fcne olumlu yans\u0131mas\u0131yla L\u00fcbnan\u2019da istikrar\u0131n sa\u011flanmas\u0131 temennilerinde bulundu\u011funu kaydetti.<\/p>\n<p>Azzam Cumhurba\u015fkan\u0131 Avn\u2019\u0131n ise Suriye ve L\u00fcbnan aras\u0131ndaki tarihi derin k\u00f6klere dayal\u0131 karde\u015flik ili\u015fkilerine vurgu yapt\u0131\u011f\u0131n\u0131, iki halk aras\u0131ndaki karde\u015flik ili\u015fkilerinin yan\u0131 s\u0131ra kendisi ile Cumhurba\u015fkan\u0131 el Esad aras\u0131ndaki g\u00fczel ili\u015fkilere dikkat \u00e7ekti\u011fini kaydetti.<\/p>\n<p>Ziyarette ana man\u015fetin iki karde\u015f \u00fclkenin ortak \u00e7\u0131karlar\u0131 oldu\u011funa dikkat \u00e7eken Azzam; iki \u00fclke ve karde\u015f halklar\u0131n\u0131n i\u015fgalci siyonist \u0130srail ve radikal ter\u00f6rle temsil olan ortak d\u00fc\u015fmanlar\u0131 oldu\u011funa vurgu yapt\u0131. Azzam bu meselelerde de iki taraf aras\u0131nda tam bir g\u00f6r\u00fc\u015f birli\u011finin mevcut oldu\u011funu s\u00f6yledi.<\/p>\n","protected":false},"excerpt":{"rendered":"<p>BEYRUT \u2013 L\u00fcbnan Cumhurba\u015fkan\u0131 Mi\u015fel Avn bug\u00fcn, Cumhurba\u015fkan\u0131 Be\u015f\u015far el Esad\u2019\u0131n delegesi ve Cumhurba\u015fkanl\u0131\u011f\u0131 \u0130\u015flerinden Sorumlu Devlet Bakan\u0131 Mansur Azzam\u2019\u0131 Suriye&#8217;nin Beyrut B\u00fcy\u00fckel\u00e7ili\u011fi huzurunda kabul etti. G\u00f6r\u00fc\u015fmenin ard\u0131ndan bas\u0131na a\u00e7\u0131klama yapan Bakan Azzam; g\u00f6r\u00fc\u015fmede el Esad\u2019tan bir mesaj\u0131 Avn\u2019a teslim etti\u011fini belirtti. Mesajda el Esad\u2019\u0131n kendisi ve Suriye halk\u0131 ad\u0131na cumhurba\u015fkan\u0131 olarak se\u00e7ilen Avn\u2019a g\u00fczel &hellip;<\/p>\n","protected":false},"author":1,"featured_media":94132,"comment_status":"closed","ping_status":"closed","sticky":false,"template":"","format":"standard","meta":{"footnotes":""},"categories":[458,459,17988],"tags":[17256,25144,25143,25141,25140,25142,25004,24119,25145],"class_list":["post-94128","post","type-post","status-publish","format-standard","has-post-thumbnail","","category-dunya1","category-haberler-arap-uluslararasi-politika","category-son-haberler","tag-bessar-el-esad","tag-cumhurbaskani-islerinden-sorumlu-devlet-bakani","tag-esadin-delegesi","tag-esadtan-avna-mesaj","tag-lubnan-devlet-baskani","tag-mansur-azzam","tag-misel-avn","tag-suriye-lideri","tag-suriye-ve-lubnan"],"_links":{"self":[{"href":"https:\/\/archive.sana.sy\/tr\/index.php?rest_route=\/wp\/v2\/posts\/94128","targetHints":{"allow":["GET"]}}],"collection":[{"href":"https:\/\/archive.sana.sy\/tr\/index.php?rest_route=\/wp\/v2\/posts"}],"about":[{"href":"https:\/\/archive.sana.sy\/tr\/index.php?rest_route=\/wp\/v2\/types\/post"}],"author":[{"embeddable":true,"href":"https:\/\/archive.sana.sy\/tr\/index.php?rest_route=\/wp\/v2\/users\/1"}],"replies":[{"embeddable":true,"href":"https:\/\/archive.sana.sy\/tr\/index.php?rest_route=%2Fwp%2Fv2%2Fcomments&post=94128"}],"version-history":[{"count":0,"href":"https:\/\/archive.sana.sy\/tr\/index.php?rest_route=\/wp\/v2\/posts\/94128\/revisions"}],"wp:featuredmedia":[{"embeddable":true,"href":"https:\/\/archive.sana.sy\/tr\/index.php?rest_route=\/wp\/v2\/media\/94132"}],"wp:attachment":[{"href":"https:\/\/archive.sana.sy\/tr\/index.php?rest_route=%2Fwp%2Fv2%2Fmedia&parent=94128"}],"wp:term":[{"taxonomy":"category","embeddable":true,"href":"https:\/\/archive.sana.sy\/tr\/index.php?rest_route=%2Fwp%2Fv2%2Fcategories&post=94128"},{"taxonomy":"post_tag","embeddable":true,"href":"https:\/\/archive.sana.sy\/tr\/index.php?rest_route=%2Fwp%2Fv2%2Ftags&post=94128"}],"curies":[{"name":"wp","href":"https:\/\/api.w.org\/{rel}","templated":true}]}}