{"id":94144,"date":"2016-11-07T12:13:18","date_gmt":"2016-11-07T10:13:18","guid":{"rendered":"http:\/\/www.sana.sy\/tr\/?p=94144"},"modified":"2016-11-07T15:38:38","modified_gmt":"2016-11-07T13:38:38","slug":"sanaya-aciklama-yapan-askeri-kaynak-hava-guclerimizin-homs-kentinin-yaklasik-30-km-kuzeybatisinda-yer-alan-akrab-koyunde-kaide-orgutunun-suriye-kolu-nusra-cephesine-tabi-bir-komuta-karargahi","status":"publish","type":"post","link":"https:\/\/archive.sana.sy\/tr\/?p=94144","title":{"rendered":"SANA\u2019ya a\u00e7\u0131klama yapan askeri kaynak; hava g\u00fc\u00e7lerimizin Homs Kentinin yakla\u015f\u0131k 30 km kuzeybat\u0131s\u0131nda yer alan Akrab K\u00f6y\u00fcnde Kaide \u00d6rg\u00fct\u00fcn\u00fcn Suriye kolu Nusra Cephesine tabi bir komuta karargah\u0131n\u0131 tamamen imha etmeleriyle en az 30 ter\u00f6risti \u00f6l\u00fc ve yaral\u0131 d\u00fc\u015f\u00fcrd\u00fcklerini ifade etti"},"content":{"rendered":"<p>SANA\u2019ya a\u00e7\u0131klama yapan askeri kaynak; hava g\u00fc\u00e7lerimizin Homs Kentinin yakla\u015f\u0131k 30 km kuzeybat\u0131s\u0131nda yer alan Akrab K\u00f6y\u00fcnde Kaide \u00d6rg\u00fct\u00fcn\u00fcn Suriye kolu Nusra Cephesine tabi bir komuta karargah\u0131n\u0131 tamamen imha etmeleriyle en az 30 ter\u00f6risti \u00f6l\u00fc ve yaral\u0131 d\u00fc\u015f\u00fcrd\u00fcklerini ifade etti<\/p>\n","protected":false},"excerpt":{"rendered":"<p>SANA\u2019ya a\u00e7\u0131klama yapan askeri kaynak; hava g\u00fc\u00e7lerimizin Homs Kentinin yakla\u015f\u0131k 30 km kuzeybat\u0131s\u0131nda yer alan Akrab K\u00f6y\u00fcnde Kaide \u00d6rg\u00fct\u00fcn\u00fcn Suriye kolu Nusra Cephesine tabi bir komuta karargah\u0131n\u0131 tamamen imha etmeleriyle en az 30 ter\u00f6risti \u00f6l\u00fc ve yaral\u0131 d\u00fc\u015f\u00fcrd\u00fcklerini ifade etti<\/p>\n","protected":false},"author":1,"featured_media":0,"comment_status":"closed","ping_status":"closed","sticky":false,"template":"","format":"standard","meta":{"footnotes":""},"categories":[17991],"tags":[],"class_list":["post-94144","post","type-post","status-publish","format-standard","","category-son-dakika"],"_links":{"self":[{"href":"https:\/\/archive.sana.sy\/tr\/index.php?rest_route=\/wp\/v2\/posts\/94144","targetHints":{"allow":["GET"]}}],"collection":[{"href":"https:\/\/archive.sana.sy\/tr\/index.php?rest_route=\/wp\/v2\/posts"}],"about":[{"href":"https:\/\/archive.sana.sy\/tr\/index.php?rest_route=\/wp\/v2\/types\/post"}],"author":[{"embeddable":true,"href":"https:\/\/archive.sana.sy\/tr\/index.php?rest_route=\/wp\/v2\/users\/1"}],"replies":[{"embeddable":true,"href":"https:\/\/archive.sana.sy\/tr\/index.php?rest_route=%2Fwp%2Fv2%2Fcomments&post=94144"}],"version-history":[{"count":0,"href":"https:\/\/archive.sana.sy\/tr\/index.php?rest_route=\/wp\/v2\/posts\/94144\/revisions"}],"wp:attachment":[{"href":"https:\/\/archive.sana.sy\/tr\/index.php?rest_route=%2Fwp%2Fv2%2Fmedia&parent=94144"}],"wp:term":[{"taxonomy":"category","embeddable":true,"href":"https:\/\/archive.sana.sy\/tr\/index.php?rest_route=%2Fwp%2Fv2%2Fcategories&post=94144"},{"taxonomy":"post_tag","embeddable":true,"href":"https:\/\/archive.sana.sy\/tr\/index.php?rest_route=%2Fwp%2Fv2%2Ftags&post=94144"}],"curies":[{"name":"wp","href":"https:\/\/api.w.org\/{rel}","templated":true}]}}