{"id":94145,"date":"2016-11-07T12:37:24","date_gmt":"2016-11-07T10:37:24","guid":{"rendered":"http:\/\/www.sana.sy\/tr\/?p=94145"},"modified":"2016-11-07T15:39:08","modified_gmt":"2016-11-07T13:39:08","slug":"ordu-birliklerimizin-homs-kirsalinin-kuzeyi-telbise-bolgesinde-yer-alan-zafaraniye-beldesinde-nusra-cephesinin-karargahlari-ve-siperlerini-yogun-atese-tuttuklarini-belirten-askeri-kaynak-operasyonlar","status":"publish","type":"post","link":"https:\/\/archive.sana.sy\/tr\/?p=94145","title":{"rendered":"Ordu birliklerimizin Homs k\u0131rsal\u0131n\u0131n kuzeyi Telbise B\u00f6lgesinde yer alan Zafaraniye Beldesinde Nusra Cephesinin karargahlar\u0131 ve siperlerini yo\u011fun ate\u015fe tuttuklar\u0131n\u0131 belirten askeri kaynak, operasyonlarda aralar\u0131nda bir\u00e7ok ter\u00f6r eleba\u015f\u0131n\u0131n bulundu\u011fu \u00e7ok say\u0131da ter\u00f6ristin ekipmanlar\u0131 ve ara\u00e7lar\u0131yla etkisizle\u015ftirildiklerinin alt\u0131n\u0131 \u00e7izdi"},"content":{"rendered":"<p>Ordu birliklerimizin Homs k\u0131rsal\u0131n\u0131n kuzeyi Telbise B\u00f6lgesinde yer alan Zafaraniye Beldesinde Nusra Cephesinin karargahlar\u0131 ve siperlerini yo\u011fun ate\u015fe tuttuklar\u0131n\u0131 belirten askeri kaynak, operasyonlarda aralar\u0131nda bir\u00e7ok ter\u00f6r eleba\u015f\u0131n\u0131n bulundu\u011fu \u00e7ok say\u0131da ter\u00f6ristin ekipmanlar\u0131 ve ara\u00e7lar\u0131yla etkisizle\u015ftirildiklerinin alt\u0131n\u0131 \u00e7izdi<\/p>\n","protected":false},"excerpt":{"rendered":"<p>Ordu birliklerimizin Homs k\u0131rsal\u0131n\u0131n kuzeyi Telbise B\u00f6lgesinde yer alan Zafaraniye Beldesinde Nusra Cephesinin karargahlar\u0131 ve siperlerini yo\u011fun ate\u015fe tuttuklar\u0131n\u0131 belirten askeri kaynak, operasyonlarda aralar\u0131nda bir\u00e7ok ter\u00f6r eleba\u015f\u0131n\u0131n bulundu\u011fu \u00e7ok say\u0131da ter\u00f6ristin ekipmanlar\u0131 ve ara\u00e7lar\u0131yla etkisizle\u015ftirildiklerinin alt\u0131n\u0131 \u00e7izdi<\/p>\n","protected":false},"author":1,"featured_media":0,"comment_status":"closed","ping_status":"closed","sticky":false,"template":"","format":"standard","meta":{"footnotes":""},"categories":[17991],"tags":[],"class_list":["post-94145","post","type-post","status-publish","format-standard","","category-son-dakika"],"_links":{"self":[{"href":"https:\/\/archive.sana.sy\/tr\/index.php?rest_route=\/wp\/v2\/posts\/94145","targetHints":{"allow":["GET"]}}],"collection":[{"href":"https:\/\/archive.sana.sy\/tr\/index.php?rest_route=\/wp\/v2\/posts"}],"about":[{"href":"https:\/\/archive.sana.sy\/tr\/index.php?rest_route=\/wp\/v2\/types\/post"}],"author":[{"embeddable":true,"href":"https:\/\/archive.sana.sy\/tr\/index.php?rest_route=\/wp\/v2\/users\/1"}],"replies":[{"embeddable":true,"href":"https:\/\/archive.sana.sy\/tr\/index.php?rest_route=%2Fwp%2Fv2%2Fcomments&post=94145"}],"version-history":[{"count":0,"href":"https:\/\/archive.sana.sy\/tr\/index.php?rest_route=\/wp\/v2\/posts\/94145\/revisions"}],"wp:attachment":[{"href":"https:\/\/archive.sana.sy\/tr\/index.php?rest_route=%2Fwp%2Fv2%2Fmedia&parent=94145"}],"wp:term":[{"taxonomy":"category","embeddable":true,"href":"https:\/\/archive.sana.sy\/tr\/index.php?rest_route=%2Fwp%2Fv2%2Fcategories&post=94145"},{"taxonomy":"post_tag","embeddable":true,"href":"https:\/\/archive.sana.sy\/tr\/index.php?rest_route=%2Fwp%2Fv2%2Ftags&post=94145"}],"curies":[{"name":"wp","href":"https:\/\/api.w.org\/{rel}","templated":true}]}}