{"id":94176,"date":"2016-11-08T09:48:57","date_gmt":"2016-11-08T07:48:57","guid":{"rendered":"http:\/\/www.sana.sy\/tr\/?p=94176"},"modified":"2016-11-08T13:40:08","modified_gmt":"2016-11-08T11:40:08","slug":"askeri-kaynak-hama-kirsalinda-yine-erdogan-ve-al-suud-gibi-radikal-rejimler-tarafindan-desteklenip-yonlendirilen-ve-ana-bileseni-kaide-orgutunun-suriye-kolu-nusra-cephesinden-olusan-teror-olusumu","status":"publish","type":"post","link":"https:\/\/archive.sana.sy\/tr\/?p=94176","title":{"rendered":"Askeri kaynak Hama k\u0131rsal\u0131nda yine Erdo\u011fan ve Al Suud gibi radikal rejimler taraf\u0131ndan desteklenip y\u00f6nlendirilen ve ana bile\u015feni Kaide \u00d6rg\u00fct\u00fcn\u00fcn Suriye kolu Nusra Cephesinden olu\u015fan ter\u00f6r olu\u015fumu \u2018Cey\u015ful Fetih\u2019in il k\u0131rsal\u0131n kuzeyi Morik, T\u0131ybat el \u0130mam, Lehaya, Herdana, Latamina, At\u015fan ve Maerkibbe b\u00f6lgelerinde kararfah ve hareketlenmelerinin hava operasyonlar\u0131yla imha edildi\u011fini aktard\u0131"},"content":{"rendered":"<p>Askeri kaynak Hama k\u0131rsal\u0131nda yine Erdo\u011fan ve Al Suud gibi radikal rejimler taraf\u0131ndan desteklenip y\u00f6nlendirilen ve ana bile\u015feni Kaide \u00d6rg\u00fct\u00fcn\u00fcn Suriye kolu Nusra Cephesinden olu\u015fan ter\u00f6r olu\u015fumu \u2018Cey\u015ful Fetih\u2019in il k\u0131rsal\u0131n kuzeyi Morik, T\u0131ybat el \u0130mam, Lehaya, Herdana, Latamina, At\u015fan ve Maerkibbe b\u00f6lgelerinde kararfah ve hareketlenmelerinin hava operasyonlar\u0131yla imha edildi\u011fini aktard\u0131<\/p>\n","protected":false},"excerpt":{"rendered":"<p>Askeri kaynak Hama k\u0131rsal\u0131nda yine Erdo\u011fan ve Al Suud gibi radikal rejimler taraf\u0131ndan desteklenip y\u00f6nlendirilen ve ana bile\u015feni Kaide \u00d6rg\u00fct\u00fcn\u00fcn Suriye kolu Nusra Cephesinden olu\u015fan ter\u00f6r olu\u015fumu \u2018Cey\u015ful Fetih\u2019in il k\u0131rsal\u0131n kuzeyi Morik, T\u0131ybat el \u0130mam, Lehaya, Herdana, Latamina, At\u015fan ve Maerkibbe b\u00f6lgelerinde kararfah ve hareketlenmelerinin hava operasyonlar\u0131yla imha edildi\u011fini aktard\u0131<\/p>\n","protected":false},"author":1,"featured_media":0,"comment_status":"closed","ping_status":"closed","sticky":false,"template":"","format":"standard","meta":{"footnotes":""},"categories":[17991],"tags":[],"class_list":["post-94176","post","type-post","status-publish","format-standard","","category-son-dakika"],"_links":{"self":[{"href":"https:\/\/archive.sana.sy\/tr\/index.php?rest_route=\/wp\/v2\/posts\/94176","targetHints":{"allow":["GET"]}}],"collection":[{"href":"https:\/\/archive.sana.sy\/tr\/index.php?rest_route=\/wp\/v2\/posts"}],"about":[{"href":"https:\/\/archive.sana.sy\/tr\/index.php?rest_route=\/wp\/v2\/types\/post"}],"author":[{"embeddable":true,"href":"https:\/\/archive.sana.sy\/tr\/index.php?rest_route=\/wp\/v2\/users\/1"}],"replies":[{"embeddable":true,"href":"https:\/\/archive.sana.sy\/tr\/index.php?rest_route=%2Fwp%2Fv2%2Fcomments&post=94176"}],"version-history":[{"count":0,"href":"https:\/\/archive.sana.sy\/tr\/index.php?rest_route=\/wp\/v2\/posts\/94176\/revisions"}],"wp:attachment":[{"href":"https:\/\/archive.sana.sy\/tr\/index.php?rest_route=%2Fwp%2Fv2%2Fmedia&parent=94176"}],"wp:term":[{"taxonomy":"category","embeddable":true,"href":"https:\/\/archive.sana.sy\/tr\/index.php?rest_route=%2Fwp%2Fv2%2Fcategories&post=94176"},{"taxonomy":"post_tag","embeddable":true,"href":"https:\/\/archive.sana.sy\/tr\/index.php?rest_route=%2Fwp%2Fv2%2Ftags&post=94176"}],"curies":[{"name":"wp","href":"https:\/\/api.w.org\/{rel}","templated":true}]}}