{"id":94185,"date":"2016-11-08T12:42:47","date_gmt":"2016-11-08T10:42:47","guid":{"rendered":"http:\/\/www.sana.sy\/tr\/?p=94185"},"modified":"2016-11-08T14:16:09","modified_gmt":"2016-11-08T12:16:09","slug":"sam-cevre-kent-emniyet-mudurlugunde-bir-kaynak-sanaya-aciklamasinda-sam-kirsali-dogu-gutanin-haresta-kenti-civarlarindaki-mezralarda-bulunan-radikal-teroristlerin-bugun-oglen-saatler","status":"publish","type":"post","link":"https:\/\/archive.sana.sy\/tr\/?p=94185","title":{"rendered":"\u015eam \u00c7evre Kent Emniyet M\u00fcd\u00fcrl\u00fc\u011f\u00fcnde bir kaynak SANA\u2019ya a\u00e7\u0131klamas\u0131nda \u015eam k\u0131rsal\u0131 Do\u011fu \u011euta\u2019n\u0131n Haresta Kenti civarlar\u0131ndaki mezralarda bulunan radikal ter\u00f6ristlerin bug\u00fcn \u00f6\u011flen saatlerinde hastane giri\u015f kap\u0131s\u0131na keskin ni\u015fanc\u0131 silahlar\u0131yla ate\u015f a\u00e7t\u0131klar\u0131n\u0131 aktard\u0131"},"content":{"rendered":"<p>\u015eam \u00c7evre Kent Emniyet M\u00fcd\u00fcrl\u00fc\u011f\u00fcnde bir kaynak SANA\u2019ya a\u00e7\u0131klamas\u0131nda \u015eam k\u0131rsal\u0131 Do\u011fu \u011euta\u2019n\u0131n Haresta Kenti civarlar\u0131ndaki mezralarda bulunan radikal ter\u00f6ristlerin bug\u00fcn \u00f6\u011flen saatlerinde hastane giri\u015f kap\u0131s\u0131na keskin ni\u015fanc\u0131 silahlar\u0131yla ate\u015f a\u00e7t\u0131klar\u0131n\u0131 aktard\u0131<\/p>\n","protected":false},"excerpt":{"rendered":"<p>\u015eam \u00c7evre Kent Emniyet M\u00fcd\u00fcrl\u00fc\u011f\u00fcnde bir kaynak SANA\u2019ya a\u00e7\u0131klamas\u0131nda \u015eam k\u0131rsal\u0131 Do\u011fu \u011euta\u2019n\u0131n Haresta Kenti civarlar\u0131ndaki mezralarda bulunan radikal ter\u00f6ristlerin bug\u00fcn \u00f6\u011flen saatlerinde hastane giri\u015f kap\u0131s\u0131na keskin ni\u015fanc\u0131 silahlar\u0131yla ate\u015f a\u00e7t\u0131klar\u0131n\u0131 aktard\u0131<\/p>\n","protected":false},"author":1,"featured_media":0,"comment_status":"closed","ping_status":"closed","sticky":false,"template":"","format":"standard","meta":{"footnotes":""},"categories":[17991],"tags":[],"class_list":["post-94185","post","type-post","status-publish","format-standard","","category-son-dakika"],"_links":{"self":[{"href":"https:\/\/archive.sana.sy\/tr\/index.php?rest_route=\/wp\/v2\/posts\/94185","targetHints":{"allow":["GET"]}}],"collection":[{"href":"https:\/\/archive.sana.sy\/tr\/index.php?rest_route=\/wp\/v2\/posts"}],"about":[{"href":"https:\/\/archive.sana.sy\/tr\/index.php?rest_route=\/wp\/v2\/types\/post"}],"author":[{"embeddable":true,"href":"https:\/\/archive.sana.sy\/tr\/index.php?rest_route=\/wp\/v2\/users\/1"}],"replies":[{"embeddable":true,"href":"https:\/\/archive.sana.sy\/tr\/index.php?rest_route=%2Fwp%2Fv2%2Fcomments&post=94185"}],"version-history":[{"count":0,"href":"https:\/\/archive.sana.sy\/tr\/index.php?rest_route=\/wp\/v2\/posts\/94185\/revisions"}],"wp:attachment":[{"href":"https:\/\/archive.sana.sy\/tr\/index.php?rest_route=%2Fwp%2Fv2%2Fmedia&parent=94185"}],"wp:term":[{"taxonomy":"category","embeddable":true,"href":"https:\/\/archive.sana.sy\/tr\/index.php?rest_route=%2Fwp%2Fv2%2Fcategories&post=94185"},{"taxonomy":"post_tag","embeddable":true,"href":"https:\/\/archive.sana.sy\/tr\/index.php?rest_route=%2Fwp%2Fv2%2Ftags&post=94185"}],"curies":[{"name":"wp","href":"https:\/\/api.w.org\/{rel}","templated":true}]}}