{"id":94207,"date":"2016-11-08T10:10:42","date_gmt":"2016-11-08T08:10:42","guid":{"rendered":"http:\/\/www.sana.sy\/tr\/?p=94207"},"modified":"2016-11-11T17:24:13","modified_gmt":"2016-11-11T15:24:13","slug":"94207","status":"publish","type":"post","link":"https:\/\/archive.sana.sy\/tr\/?p=94207","title":{"rendered":"\u0130htiya\u00e7 Sahibi Ailelere Yard\u0131m Paketleri Da\u011f\u0131t\u0131ld\u0131"},"content":{"rendered":"<p>HAMA \u2013 Hama k\u0131rsal\u0131n\u0131n bat\u0131s\u0131 Mahrusa Beldesinde Sosyal hay\u0131r Cemiyeti bug\u00fcn beldenin yan\u0131 s\u0131ra civar\u0131nda bulunan Hezzana ve Mkeybra k\u00f6ylerinde ihtiya\u00e7 sahibi 509 aileye muhtelif g\u0131da \u00fcr\u00fcnleri i\u00e7eren yard\u0131m paketleri da\u011f\u0131tt\u0131.<\/p>\n<p>Cemiyet y\u00f6netim kurulu ba\u015fkan\u0131 Ali Dyab yakla\u015f\u0131k olarak t\u00fcm temel g\u0131da \u00fcr\u00fcnlerinin mevcut oldu\u011fu yard\u0131m paketlerinin belde ve k\u00f6ylerdeki sivil toplum \u00f6rg\u00fctleriyle i\u015fbirli\u011fi i\u00e7inde haz\u0131rlanan listeler do\u011frultusunda yap\u0131ld\u0131\u011f\u0131n\u0131 a\u00e7\u0131klad\u0131.<\/p>\n<p>Cemiyet daha \u00f6nce de yine Hama k\u0131rsal\u0131nda ter\u00f6r ma\u011fduru ya da ihtiya\u00e7 sahibi ailelere yard\u0131m paketleri da\u011f\u0131tm\u0131\u015ft\u0131.<\/p>\n","protected":false},"excerpt":{"rendered":"<p>HAMA \u2013 Hama k\u0131rsal\u0131n\u0131n bat\u0131s\u0131 Mahrusa Beldesinde Sosyal hay\u0131r Cemiyeti bug\u00fcn beldenin yan\u0131 s\u0131ra civar\u0131nda bulunan Hezzana ve Mkeybra k\u00f6ylerinde ihtiya\u00e7 sahibi 509 aileye muhtelif g\u0131da \u00fcr\u00fcnleri i\u00e7eren yard\u0131m paketleri da\u011f\u0131tt\u0131. Cemiyet y\u00f6netim kurulu ba\u015fkan\u0131 Ali Dyab yakla\u015f\u0131k olarak t\u00fcm temel g\u0131da \u00fcr\u00fcnlerinin mevcut oldu\u011fu yard\u0131m paketlerinin belde ve k\u00f6ylerdeki sivil toplum \u00f6rg\u00fctleriyle i\u015fbirli\u011fi i\u00e7inde &hellip;<\/p>\n","protected":false},"author":1,"featured_media":94209,"comment_status":"closed","ping_status":"closed","sticky":false,"template":"","format":"standard","meta":{"footnotes":""},"categories":[479,17988,478],"tags":[21881,25161,18448],"class_list":["post-94207","post","type-post","status-publish","format-standard","has-post-thumbnail","","category-haberler-yerel","category-son-haberler","category-yerel","tag-hayir-cemiyeti","tag-ihtiyac-sahibi-ailelere-yardim-paketleri-dagitildi","tag-insani-yardim"],"_links":{"self":[{"href":"https:\/\/archive.sana.sy\/tr\/index.php?rest_route=\/wp\/v2\/posts\/94207","targetHints":{"allow":["GET"]}}],"collection":[{"href":"https:\/\/archive.sana.sy\/tr\/index.php?rest_route=\/wp\/v2\/posts"}],"about":[{"href":"https:\/\/archive.sana.sy\/tr\/index.php?rest_route=\/wp\/v2\/types\/post"}],"author":[{"embeddable":true,"href":"https:\/\/archive.sana.sy\/tr\/index.php?rest_route=\/wp\/v2\/users\/1"}],"replies":[{"embeddable":true,"href":"https:\/\/archive.sana.sy\/tr\/index.php?rest_route=%2Fwp%2Fv2%2Fcomments&post=94207"}],"version-history":[{"count":0,"href":"https:\/\/archive.sana.sy\/tr\/index.php?rest_route=\/wp\/v2\/posts\/94207\/revisions"}],"wp:featuredmedia":[{"embeddable":true,"href":"https:\/\/archive.sana.sy\/tr\/index.php?rest_route=\/wp\/v2\/media\/94209"}],"wp:attachment":[{"href":"https:\/\/archive.sana.sy\/tr\/index.php?rest_route=%2Fwp%2Fv2%2Fmedia&parent=94207"}],"wp:term":[{"taxonomy":"category","embeddable":true,"href":"https:\/\/archive.sana.sy\/tr\/index.php?rest_route=%2Fwp%2Fv2%2Fcategories&post=94207"},{"taxonomy":"post_tag","embeddable":true,"href":"https:\/\/archive.sana.sy\/tr\/index.php?rest_route=%2Fwp%2Fv2%2Ftags&post=94207"}],"curies":[{"name":"wp","href":"https:\/\/api.w.org\/{rel}","templated":true}]}}