{"id":94221,"date":"2016-11-08T16:19:54","date_gmt":"2016-11-08T14:19:54","guid":{"rendered":"http:\/\/www.sana.sy\/tr\/?p=94221"},"modified":"2016-11-08T16:19:54","modified_gmt":"2016-11-08T14:19:54","slug":"askeri-kaynak-sanaya-aciklamasinda-ordu-birliklerimizin-lazkiye-kirsalinin-kuzeyi-semmas-bolgesinde-erdogan-rejimine-tabi-teroristlere-ait-agir-silahlarla-donatilmis-2-araci-imha-ettiklerini","status":"publish","type":"post","link":"https:\/\/archive.sana.sy\/tr\/?p=94221","title":{"rendered":"Askeri kaynak SANA\u2019ya a\u00e7\u0131klamas\u0131nda ordu birliklerimizin Lazkiye k\u0131rsal\u0131n\u0131n kuzeyi \u015eemmas B\u00f6lgesinde Erdo\u011fan rejimine tabi ter\u00f6ristlere ait a\u011f\u0131r silahlarla donat\u0131lm\u0131\u015f 2 arac\u0131 imha ettiklerini ve 5 ter\u00f6risti \u00f6ld\u00fcrd\u00fcklerini belirtti"},"content":{"rendered":"<p>Askeri kaynak SANA\u2019ya a\u00e7\u0131klamas\u0131nda ordu birliklerimizin Lazkiye k\u0131rsal\u0131n\u0131n kuzeyi \u015eemmas B\u00f6lgesinde Erdo\u011fan rejimine tabi ter\u00f6ristlere ait a\u011f\u0131r silahlarla donat\u0131lm\u0131\u015f 2 arac\u0131 imha ettiklerini ve 5 ter\u00f6risti \u00f6ld\u00fcrd\u00fcklerini belirtti<\/p>\n","protected":false},"excerpt":{"rendered":"<p>Askeri kaynak SANA\u2019ya a\u00e7\u0131klamas\u0131nda ordu birliklerimizin Lazkiye k\u0131rsal\u0131n\u0131n kuzeyi \u015eemmas B\u00f6lgesinde Erdo\u011fan rejimine tabi ter\u00f6ristlere ait a\u011f\u0131r silahlarla donat\u0131lm\u0131\u015f 2 arac\u0131 imha ettiklerini ve 5 ter\u00f6risti \u00f6ld\u00fcrd\u00fcklerini belirtti<\/p>\n","protected":false},"author":1,"featured_media":0,"comment_status":"closed","ping_status":"closed","sticky":false,"template":"","format":"standard","meta":{"footnotes":""},"categories":[17991],"tags":[],"class_list":["post-94221","post","type-post","status-publish","format-standard","","category-son-dakika"],"_links":{"self":[{"href":"https:\/\/archive.sana.sy\/tr\/index.php?rest_route=\/wp\/v2\/posts\/94221","targetHints":{"allow":["GET"]}}],"collection":[{"href":"https:\/\/archive.sana.sy\/tr\/index.php?rest_route=\/wp\/v2\/posts"}],"about":[{"href":"https:\/\/archive.sana.sy\/tr\/index.php?rest_route=\/wp\/v2\/types\/post"}],"author":[{"embeddable":true,"href":"https:\/\/archive.sana.sy\/tr\/index.php?rest_route=\/wp\/v2\/users\/1"}],"replies":[{"embeddable":true,"href":"https:\/\/archive.sana.sy\/tr\/index.php?rest_route=%2Fwp%2Fv2%2Fcomments&post=94221"}],"version-history":[{"count":0,"href":"https:\/\/archive.sana.sy\/tr\/index.php?rest_route=\/wp\/v2\/posts\/94221\/revisions"}],"wp:attachment":[{"href":"https:\/\/archive.sana.sy\/tr\/index.php?rest_route=%2Fwp%2Fv2%2Fmedia&parent=94221"}],"wp:term":[{"taxonomy":"category","embeddable":true,"href":"https:\/\/archive.sana.sy\/tr\/index.php?rest_route=%2Fwp%2Fv2%2Fcategories&post=94221"},{"taxonomy":"post_tag","embeddable":true,"href":"https:\/\/archive.sana.sy\/tr\/index.php?rest_route=%2Fwp%2Fv2%2Ftags&post=94221"}],"curies":[{"name":"wp","href":"https:\/\/api.w.org\/{rel}","templated":true}]}}