{"id":94276,"date":"2016-11-09T12:11:38","date_gmt":"2016-11-09T10:11:38","guid":{"rendered":"http:\/\/www.sana.sy\/tr\/?p=94276"},"modified":"2016-11-09T13:42:23","modified_gmt":"2016-11-09T11:42:23","slug":"halep-emniyet-mudurlugunde-bir-kaynak-erdogan-ve-al-suud-rejimlerine-tabi-olarak-kentin-dogusunda-bulunan-radikal-teroristlerin-bugun-halepin-sivil-yerlesim-alanlarindan-hamadaniye-ve-yeni-h","status":"publish","type":"post","link":"https:\/\/archive.sana.sy\/tr\/?p=94276","title":{"rendered":"Halep Emniyet M\u00fcd\u00fcrl\u00fc\u011f\u00fcnde bir kaynak; Erdo\u011fan ve Al Suud rejimlerine tabi olarak kentin do\u011fusunda bulunan radikal ter\u00f6ristlerin bug\u00fcn Halep\u2019in sivil yerle\u015fim alanlar\u0131ndan Hamadaniye ve Yeni Halep semtlerini yine patlay\u0131c\u0131 mermiler ve f\u00fcze ya\u011fmuruna tuttuklar\u0131n\u0131 belirtti."},"content":{"rendered":"<p>Halep Emniyet M\u00fcd\u00fcrl\u00fc\u011f\u00fcnde bir kaynak; Erdo\u011fan ve Al Suud rejimlerine tabi olarak kentin do\u011fusunda bulunan radikal ter\u00f6ristlerin bug\u00fcn Halep\u2019in sivil yerle\u015fim alanlar\u0131ndan Hamadaniye ve Yeni Halep semtlerini yine patlay\u0131c\u0131 mermiler ve f\u00fcze ya\u011fmuruna tuttuklar\u0131n\u0131 belirtti.<\/p>\n","protected":false},"excerpt":{"rendered":"<p>Halep Emniyet M\u00fcd\u00fcrl\u00fc\u011f\u00fcnde bir kaynak; Erdo\u011fan ve Al Suud rejimlerine tabi olarak kentin do\u011fusunda bulunan radikal ter\u00f6ristlerin bug\u00fcn Halep\u2019in sivil yerle\u015fim alanlar\u0131ndan Hamadaniye ve Yeni Halep semtlerini yine patlay\u0131c\u0131 mermiler ve f\u00fcze ya\u011fmuruna tuttuklar\u0131n\u0131 belirtti.<\/p>\n","protected":false},"author":1,"featured_media":0,"comment_status":"closed","ping_status":"closed","sticky":false,"template":"","format":"standard","meta":{"footnotes":""},"categories":[17991],"tags":[],"class_list":["post-94276","post","type-post","status-publish","format-standard","","category-son-dakika"],"_links":{"self":[{"href":"https:\/\/archive.sana.sy\/tr\/index.php?rest_route=\/wp\/v2\/posts\/94276","targetHints":{"allow":["GET"]}}],"collection":[{"href":"https:\/\/archive.sana.sy\/tr\/index.php?rest_route=\/wp\/v2\/posts"}],"about":[{"href":"https:\/\/archive.sana.sy\/tr\/index.php?rest_route=\/wp\/v2\/types\/post"}],"author":[{"embeddable":true,"href":"https:\/\/archive.sana.sy\/tr\/index.php?rest_route=\/wp\/v2\/users\/1"}],"replies":[{"embeddable":true,"href":"https:\/\/archive.sana.sy\/tr\/index.php?rest_route=%2Fwp%2Fv2%2Fcomments&post=94276"}],"version-history":[{"count":0,"href":"https:\/\/archive.sana.sy\/tr\/index.php?rest_route=\/wp\/v2\/posts\/94276\/revisions"}],"wp:attachment":[{"href":"https:\/\/archive.sana.sy\/tr\/index.php?rest_route=%2Fwp%2Fv2%2Fmedia&parent=94276"}],"wp:term":[{"taxonomy":"category","embeddable":true,"href":"https:\/\/archive.sana.sy\/tr\/index.php?rest_route=%2Fwp%2Fv2%2Fcategories&post=94276"},{"taxonomy":"post_tag","embeddable":true,"href":"https:\/\/archive.sana.sy\/tr\/index.php?rest_route=%2Fwp%2Fv2%2Ftags&post=94276"}],"curies":[{"name":"wp","href":"https:\/\/api.w.org\/{rel}","templated":true}]}}