{"id":94286,"date":"2016-11-09T10:47:05","date_gmt":"2016-11-09T08:47:05","guid":{"rendered":"http:\/\/www.sana.sy\/tr\/?p=94286"},"modified":"2016-11-09T13:50:01","modified_gmt":"2016-11-09T11:50:01","slug":"kunaytra-il-emniyet-mudurlugunde-bir-kaynak-israile-tabi-radikal-teroristlerin-tlul-el-humr-bolgesinden-hadar-beldesine-agir-makineli-silahlar-ve-keskin-nisanci-silahlariyla-ates-actiklarini","status":"publish","type":"post","link":"https:\/\/archive.sana.sy\/tr\/?p=94286","title":{"rendered":"Kunaytra \u0130l Emniyet M\u00fcd\u00fcrl\u00fc\u011f\u00fcnde bir kaynak; \u0130srail\u2019e tabi radikal ter\u00f6ristlerin Tlul el Humr B\u00f6lgesinden Hadar Beldesine a\u011f\u0131r makineli silahlar ve keskin ni\u015fanc\u0131 silahlar\u0131yla ate\u015f a\u00e7t\u0131klar\u0131n\u0131 aktard\u0131"},"content":{"rendered":"<p>Kunaytra \u0130l Emniyet M\u00fcd\u00fcrl\u00fc\u011f\u00fcnde bir kaynak; \u0130srail\u2019e tabi radikal ter\u00f6ristlerin Tlul el Humr B\u00f6lgesinden Hadar Beldesine a\u011f\u0131r makineli silahlar ve keskin ni\u015fanc\u0131 silahlar\u0131yla ate\u015f a\u00e7t\u0131klar\u0131n\u0131 aktard\u0131<\/p>\n","protected":false},"excerpt":{"rendered":"<p>Kunaytra \u0130l Emniyet M\u00fcd\u00fcrl\u00fc\u011f\u00fcnde bir kaynak; \u0130srail\u2019e tabi radikal ter\u00f6ristlerin Tlul el Humr B\u00f6lgesinden Hadar Beldesine a\u011f\u0131r makineli silahlar ve keskin ni\u015fanc\u0131 silahlar\u0131yla ate\u015f a\u00e7t\u0131klar\u0131n\u0131 aktard\u0131<\/p>\n","protected":false},"author":1,"featured_media":0,"comment_status":"closed","ping_status":"closed","sticky":false,"template":"","format":"standard","meta":{"footnotes":""},"categories":[17991],"tags":[],"class_list":["post-94286","post","type-post","status-publish","format-standard","","category-son-dakika"],"_links":{"self":[{"href":"https:\/\/archive.sana.sy\/tr\/index.php?rest_route=\/wp\/v2\/posts\/94286","targetHints":{"allow":["GET"]}}],"collection":[{"href":"https:\/\/archive.sana.sy\/tr\/index.php?rest_route=\/wp\/v2\/posts"}],"about":[{"href":"https:\/\/archive.sana.sy\/tr\/index.php?rest_route=\/wp\/v2\/types\/post"}],"author":[{"embeddable":true,"href":"https:\/\/archive.sana.sy\/tr\/index.php?rest_route=\/wp\/v2\/users\/1"}],"replies":[{"embeddable":true,"href":"https:\/\/archive.sana.sy\/tr\/index.php?rest_route=%2Fwp%2Fv2%2Fcomments&post=94286"}],"version-history":[{"count":0,"href":"https:\/\/archive.sana.sy\/tr\/index.php?rest_route=\/wp\/v2\/posts\/94286\/revisions"}],"wp:attachment":[{"href":"https:\/\/archive.sana.sy\/tr\/index.php?rest_route=%2Fwp%2Fv2%2Fmedia&parent=94286"}],"wp:term":[{"taxonomy":"category","embeddable":true,"href":"https:\/\/archive.sana.sy\/tr\/index.php?rest_route=%2Fwp%2Fv2%2Fcategories&post=94286"},{"taxonomy":"post_tag","embeddable":true,"href":"https:\/\/archive.sana.sy\/tr\/index.php?rest_route=%2Fwp%2Fv2%2Ftags&post=94286"}],"curies":[{"name":"wp","href":"https:\/\/api.w.org\/{rel}","templated":true}]}}