{"id":94287,"date":"2016-11-09T10:51:14","date_gmt":"2016-11-09T08:51:14","guid":{"rendered":"http:\/\/www.sana.sy\/tr\/?p=94287"},"modified":"2016-11-09T13:50:30","modified_gmt":"2016-11-09T11:50:30","slug":"kaynak-acilan-yogun-ates-sonucunda-belde-ahalisinden-bir-vatandasin-sehit-bir-vatandasin-da-yarali-dustugunu-kaydetti","status":"publish","type":"post","link":"https:\/\/archive.sana.sy\/tr\/?p=94287","title":{"rendered":"Kaynak a\u00e7\u0131lan yo\u011fun ate\u015f sonucunda belde ahalisinden bir vatanda\u015f\u0131n \u015fehit, bir vatanda\u015f\u0131n da yaral\u0131 d\u00fc\u015ft\u00fc\u011f\u00fcn\u00fc kaydetti"},"content":{"rendered":"<p>Kaynak a\u00e7\u0131lan yo\u011fun ate\u015f sonucunda belde ahalisinden bir vatanda\u015f\u0131n \u015fehit, bir vatanda\u015f\u0131n da yaral\u0131 d\u00fc\u015ft\u00fc\u011f\u00fcn\u00fc kaydetti<\/p>\n","protected":false},"excerpt":{"rendered":"<p>Kaynak a\u00e7\u0131lan yo\u011fun ate\u015f sonucunda belde ahalisinden bir vatanda\u015f\u0131n \u015fehit, bir vatanda\u015f\u0131n da yaral\u0131 d\u00fc\u015ft\u00fc\u011f\u00fcn\u00fc kaydetti<\/p>\n","protected":false},"author":1,"featured_media":0,"comment_status":"closed","ping_status":"closed","sticky":false,"template":"","format":"standard","meta":{"footnotes":""},"categories":[17991],"tags":[],"class_list":["post-94287","post","type-post","status-publish","format-standard","","category-son-dakika"],"_links":{"self":[{"href":"https:\/\/archive.sana.sy\/tr\/index.php?rest_route=\/wp\/v2\/posts\/94287","targetHints":{"allow":["GET"]}}],"collection":[{"href":"https:\/\/archive.sana.sy\/tr\/index.php?rest_route=\/wp\/v2\/posts"}],"about":[{"href":"https:\/\/archive.sana.sy\/tr\/index.php?rest_route=\/wp\/v2\/types\/post"}],"author":[{"embeddable":true,"href":"https:\/\/archive.sana.sy\/tr\/index.php?rest_route=\/wp\/v2\/users\/1"}],"replies":[{"embeddable":true,"href":"https:\/\/archive.sana.sy\/tr\/index.php?rest_route=%2Fwp%2Fv2%2Fcomments&post=94287"}],"version-history":[{"count":0,"href":"https:\/\/archive.sana.sy\/tr\/index.php?rest_route=\/wp\/v2\/posts\/94287\/revisions"}],"wp:attachment":[{"href":"https:\/\/archive.sana.sy\/tr\/index.php?rest_route=%2Fwp%2Fv2%2Fmedia&parent=94287"}],"wp:term":[{"taxonomy":"category","embeddable":true,"href":"https:\/\/archive.sana.sy\/tr\/index.php?rest_route=%2Fwp%2Fv2%2Fcategories&post=94287"},{"taxonomy":"post_tag","embeddable":true,"href":"https:\/\/archive.sana.sy\/tr\/index.php?rest_route=%2Fwp%2Fv2%2Ftags&post=94287"}],"curies":[{"name":"wp","href":"https:\/\/api.w.org\/{rel}","templated":true}]}}