{"id":94304,"date":"2016-11-09T12:54:05","date_gmt":"2016-11-09T10:54:05","guid":{"rendered":"http:\/\/www.sana.sy\/tr\/?p=94304"},"modified":"2016-11-09T14:41:11","modified_gmt":"2016-11-09T12:41:11","slug":"sam-cevre-kent-valiliginde-bir-kaynak-baskent-kirsalinin-dogu-guta-bolgesinde-bulunan-al-suud-ceteleri-ceysul-islamdan-radikal-teroristlerin-haresta-bolgesindeki-panorama-bulvarina","status":"publish","type":"post","link":"https:\/\/archive.sana.sy\/tr\/?p=94304","title":{"rendered":"\u015eam \u00c7evre Kent Valili\u011finde bir kaynak; ba\u015fkent k\u0131rsal\u0131n\u0131n Do\u011fu \u011euta B\u00f6lgesinde bulunan Al Suud \u00e7eteleri \u2018Cey\u015ful \u0130slam\u2019dan radikal ter\u00f6ristlerin Haresta B\u00f6lgesindeki Panorama bulvar\u0131na bir f\u00fczeyle sald\u0131rd\u0131klar\u0131n\u0131 belirtti"},"content":{"rendered":"<p>\u015eam \u00c7evre Kent Valili\u011finde bir kaynak; ba\u015fkent k\u0131rsal\u0131n\u0131n Do\u011fu \u011euta B\u00f6lgesinde bulunan Al Suud \u00e7eteleri \u2018Cey\u015ful \u0130slam\u2019dan radikal ter\u00f6ristlerin Haresta B\u00f6lgesindeki Panorama bulvar\u0131na bir f\u00fczeyle sald\u0131rd\u0131klar\u0131n\u0131 belirtti<\/p>\n","protected":false},"excerpt":{"rendered":"<p>\u015eam \u00c7evre Kent Valili\u011finde bir kaynak; ba\u015fkent k\u0131rsal\u0131n\u0131n Do\u011fu \u011euta B\u00f6lgesinde bulunan Al Suud \u00e7eteleri \u2018Cey\u015ful \u0130slam\u2019dan radikal ter\u00f6ristlerin Haresta B\u00f6lgesindeki Panorama bulvar\u0131na bir f\u00fczeyle sald\u0131rd\u0131klar\u0131n\u0131 belirtti<\/p>\n","protected":false},"author":1,"featured_media":0,"comment_status":"closed","ping_status":"closed","sticky":false,"template":"","format":"standard","meta":{"footnotes":""},"categories":[17991],"tags":[],"class_list":["post-94304","post","type-post","status-publish","format-standard","","category-son-dakika"],"_links":{"self":[{"href":"https:\/\/archive.sana.sy\/tr\/index.php?rest_route=\/wp\/v2\/posts\/94304","targetHints":{"allow":["GET"]}}],"collection":[{"href":"https:\/\/archive.sana.sy\/tr\/index.php?rest_route=\/wp\/v2\/posts"}],"about":[{"href":"https:\/\/archive.sana.sy\/tr\/index.php?rest_route=\/wp\/v2\/types\/post"}],"author":[{"embeddable":true,"href":"https:\/\/archive.sana.sy\/tr\/index.php?rest_route=\/wp\/v2\/users\/1"}],"replies":[{"embeddable":true,"href":"https:\/\/archive.sana.sy\/tr\/index.php?rest_route=%2Fwp%2Fv2%2Fcomments&post=94304"}],"version-history":[{"count":0,"href":"https:\/\/archive.sana.sy\/tr\/index.php?rest_route=\/wp\/v2\/posts\/94304\/revisions"}],"wp:attachment":[{"href":"https:\/\/archive.sana.sy\/tr\/index.php?rest_route=%2Fwp%2Fv2%2Fmedia&parent=94304"}],"wp:term":[{"taxonomy":"category","embeddable":true,"href":"https:\/\/archive.sana.sy\/tr\/index.php?rest_route=%2Fwp%2Fv2%2Fcategories&post=94304"},{"taxonomy":"post_tag","embeddable":true,"href":"https:\/\/archive.sana.sy\/tr\/index.php?rest_route=%2Fwp%2Fv2%2Ftags&post=94304"}],"curies":[{"name":"wp","href":"https:\/\/api.w.org\/{rel}","templated":true}]}}