{"id":94366,"date":"2016-11-09T16:03:55","date_gmt":"2016-11-09T14:03:55","guid":{"rendered":"http:\/\/www.sana.sy\/tr\/?p=94366"},"modified":"2016-11-09T16:03:55","modified_gmt":"2016-11-09T14:03:55","slug":"kaynak-deyrezzor-askeri-havaalaninda-askerlerimizin-deyrezzor-kentinin-urfi-semtinde-isidin-bir-karargahini-hedef-almalariyla-en-az-9-teroristi-oldurup-havzalarinda-bulunan-silah-ve-muhimmat","status":"publish","type":"post","link":"https:\/\/archive.sana.sy\/tr\/?p=94366","title":{"rendered":"Kaynak; Deyrezzor Askeri Havaalan\u0131nda askerlerimizin Deyrezzor Kentinin Urfi Semtinde I\u015e\u0130D\u2019in bir karargah\u0131n\u0131 hedef almalar\u0131yla en az 9 ter\u00f6risti \u00f6ld\u00fcr\u00fcp havzalar\u0131nda bulunan silah ve m\u00fchimmatlar\u0131n\u0131 imha ettiklerini aktard\u0131"},"content":{"rendered":"<p>Kaynak; Deyrezzor Askeri Havaalan\u0131nda askerlerimizin Deyrezzor Kentinin Urfi Semtinde I\u015e\u0130D\u2019in bir karargah\u0131n\u0131 hedef almalar\u0131yla en az 9 ter\u00f6risti \u00f6ld\u00fcr\u00fcp havzalar\u0131nda bulunan silah ve m\u00fchimmatlar\u0131n\u0131 imha ettiklerini aktard\u0131<\/p>\n","protected":false},"excerpt":{"rendered":"<p>Kaynak; Deyrezzor Askeri Havaalan\u0131nda askerlerimizin Deyrezzor Kentinin Urfi Semtinde I\u015e\u0130D\u2019in bir karargah\u0131n\u0131 hedef almalar\u0131yla en az 9 ter\u00f6risti \u00f6ld\u00fcr\u00fcp havzalar\u0131nda bulunan silah ve m\u00fchimmatlar\u0131n\u0131 imha ettiklerini aktard\u0131<\/p>\n","protected":false},"author":1,"featured_media":0,"comment_status":"closed","ping_status":"closed","sticky":false,"template":"","format":"standard","meta":{"footnotes":""},"categories":[17991],"tags":[],"class_list":["post-94366","post","type-post","status-publish","format-standard","","category-son-dakika"],"_links":{"self":[{"href":"https:\/\/archive.sana.sy\/tr\/index.php?rest_route=\/wp\/v2\/posts\/94366","targetHints":{"allow":["GET"]}}],"collection":[{"href":"https:\/\/archive.sana.sy\/tr\/index.php?rest_route=\/wp\/v2\/posts"}],"about":[{"href":"https:\/\/archive.sana.sy\/tr\/index.php?rest_route=\/wp\/v2\/types\/post"}],"author":[{"embeddable":true,"href":"https:\/\/archive.sana.sy\/tr\/index.php?rest_route=\/wp\/v2\/users\/1"}],"replies":[{"embeddable":true,"href":"https:\/\/archive.sana.sy\/tr\/index.php?rest_route=%2Fwp%2Fv2%2Fcomments&post=94366"}],"version-history":[{"count":0,"href":"https:\/\/archive.sana.sy\/tr\/index.php?rest_route=\/wp\/v2\/posts\/94366\/revisions"}],"wp:attachment":[{"href":"https:\/\/archive.sana.sy\/tr\/index.php?rest_route=%2Fwp%2Fv2%2Fmedia&parent=94366"}],"wp:term":[{"taxonomy":"category","embeddable":true,"href":"https:\/\/archive.sana.sy\/tr\/index.php?rest_route=%2Fwp%2Fv2%2Fcategories&post=94366"},{"taxonomy":"post_tag","embeddable":true,"href":"https:\/\/archive.sana.sy\/tr\/index.php?rest_route=%2Fwp%2Fv2%2Ftags&post=94366"}],"curies":[{"name":"wp","href":"https:\/\/api.w.org\/{rel}","templated":true}]}}