{"id":94421,"date":"2016-11-10T12:30:26","date_gmt":"2016-11-10T10:30:26","guid":{"rendered":"http:\/\/www.sana.sy\/tr\/?p=94421"},"modified":"2016-11-10T14:37:53","modified_gmt":"2016-11-10T12:37:53","slug":"sam-emniyet-mudurlugunde-bir-kaynak-duma-ve-dogu-gutanin-muhtelif-bolgelerinde-bulunan-vahhabi-suudi-arabistan-ceteleri-ceysul-islamin-baskent-samin-yerlesim-alanla","status":"publish","type":"post","link":"https:\/\/archive.sana.sy\/tr\/?p=94421","title":{"rendered":"\u015eam Emniyet M\u00fcd\u00fcrl\u00fc\u011f\u00fcnde bir kaynak Duma ve Do\u011fu \u011euta\u2019n\u0131n muhtelif b\u00f6lgelerinde bulunan Vahhabi Suudi Arabistan \u00e7eteleri \u2018Cey\u015ful \u0130slam\u2019\u0131n ba\u015fkent \u015eam\u2019\u0131n yerle\u015fim alanlar\u0131ndan Muhacirin Semtinde Tar\u0131k Bin Ziyad \u0130lk\u00f6\u011fretim Okulunu f\u00fczelerle hedef almalar\u0131yla 3 \u00e7ocu\u011fun yaraland\u0131\u011f\u0131n\u0131 belirtti"},"content":{"rendered":"<p>\u015eam Emniyet M\u00fcd\u00fcrl\u00fc\u011f\u00fcnde bir kaynak Duma ve Do\u011fu \u011euta\u2019n\u0131n muhtelif b\u00f6lgelerinde bulunan Vahhabi Suudi Arabistan \u00e7eteleri \u2018Cey\u015ful \u0130slam\u2019\u0131n ba\u015fkent \u015eam\u2019\u0131n yerle\u015fim alanlar\u0131ndan Muhacirin Semtinde Tar\u0131k Bin Ziyad \u0130lk\u00f6\u011fretim Okulunu f\u00fczelerle hedef almalar\u0131yla 3 \u00e7ocu\u011fun yaraland\u0131\u011f\u0131n\u0131 belirtti<\/p>\n","protected":false},"excerpt":{"rendered":"<p>\u015eam Emniyet M\u00fcd\u00fcrl\u00fc\u011f\u00fcnde bir kaynak Duma ve Do\u011fu \u011euta\u2019n\u0131n muhtelif b\u00f6lgelerinde bulunan Vahhabi Suudi Arabistan \u00e7eteleri \u2018Cey\u015ful \u0130slam\u2019\u0131n ba\u015fkent \u015eam\u2019\u0131n yerle\u015fim alanlar\u0131ndan Muhacirin Semtinde Tar\u0131k Bin Ziyad \u0130lk\u00f6\u011fretim Okulunu f\u00fczelerle hedef almalar\u0131yla 3 \u00e7ocu\u011fun yaraland\u0131\u011f\u0131n\u0131 belirtti<\/p>\n","protected":false},"author":1,"featured_media":0,"comment_status":"closed","ping_status":"closed","sticky":false,"template":"","format":"standard","meta":{"footnotes":""},"categories":[17991],"tags":[],"class_list":["post-94421","post","type-post","status-publish","format-standard","","category-son-dakika"],"_links":{"self":[{"href":"https:\/\/archive.sana.sy\/tr\/index.php?rest_route=\/wp\/v2\/posts\/94421","targetHints":{"allow":["GET"]}}],"collection":[{"href":"https:\/\/archive.sana.sy\/tr\/index.php?rest_route=\/wp\/v2\/posts"}],"about":[{"href":"https:\/\/archive.sana.sy\/tr\/index.php?rest_route=\/wp\/v2\/types\/post"}],"author":[{"embeddable":true,"href":"https:\/\/archive.sana.sy\/tr\/index.php?rest_route=\/wp\/v2\/users\/1"}],"replies":[{"embeddable":true,"href":"https:\/\/archive.sana.sy\/tr\/index.php?rest_route=%2Fwp%2Fv2%2Fcomments&post=94421"}],"version-history":[{"count":0,"href":"https:\/\/archive.sana.sy\/tr\/index.php?rest_route=\/wp\/v2\/posts\/94421\/revisions"}],"wp:attachment":[{"href":"https:\/\/archive.sana.sy\/tr\/index.php?rest_route=%2Fwp%2Fv2%2Fmedia&parent=94421"}],"wp:term":[{"taxonomy":"category","embeddable":true,"href":"https:\/\/archive.sana.sy\/tr\/index.php?rest_route=%2Fwp%2Fv2%2Fcategories&post=94421"},{"taxonomy":"post_tag","embeddable":true,"href":"https:\/\/archive.sana.sy\/tr\/index.php?rest_route=%2Fwp%2Fv2%2Ftags&post=94421"}],"curies":[{"name":"wp","href":"https:\/\/api.w.org\/{rel}","templated":true}]}}