{"id":94450,"date":"2016-11-10T21:30:44","date_gmt":"2016-11-10T19:30:44","guid":{"rendered":"http:\/\/www.sana.sy\/tr\/?p=94450"},"modified":"2016-11-11T15:18:51","modified_gmt":"2016-11-11T13:18:51","slug":"terorle-mucadelede-durust-ve-ortak-cabalarin-onemini-vurguladi","status":"publish","type":"post","link":"https:\/\/archive.sana.sy\/tr\/?p=94450","title":{"rendered":"Ter\u00f6rle M\u00fccadelede D\u00fcr\u00fcst ve Ortak \u00c7abalar\u0131n \u00d6nemini Vurgulad\u0131"},"content":{"rendered":"<p>\u015eAM \u2013 D\u0131\u015fi\u015fleri ve Gurbet\u00e7iler Bakanl\u0131\u011f\u0131 silahl\u0131 ter\u00f6r \u00f6rg\u00fctlerin Halep\u2019te, Kunaytra k\u0131rsal\u0131 Hadar Beldesi ve daha ba\u015fka b\u00f6lgelerde sivillere y\u00f6nelik vah\u015fi sald\u0131r\u0131lar\u0131n\u0131n Vahhabi Suudi Arabistan, \u0130hvanc\u0131 Erdo\u011fan rejimi ve Katar gibi devletlerin her t\u00fcrl\u00fc deste\u011fi temin ettikleri bu \u00f6rg\u00fctlerin ter\u00f6rist ve radikal y\u00fczlerini net bir \u015fekilde ortaya serdi\u011fine vurgu yapt\u0131.<\/p>\n<p>BM genel sekreteri ve G\u00fcvenlik Konseyi ba\u015fkan\u0131na g\u00f6nderdi\u011fi e\u015f iki resmi mektubunda bakanl\u0131k; s\u00f6z konusu bu ter\u00f6r \u00f6rg\u00fctlerin Halep ve daha ba\u015fka b\u00f6lgelerde masum sivil insanlar\u0131 canl\u0131 kalkan olarak kulland\u0131klar\u0131n\u0131, sivil yerle\u015fim alanlar\u0131na geli\u015fig\u00fczel f\u00fcze sald\u0131r\u0131lar\u0131nda bulunup kad\u0131n ya\u015fl\u0131 \u00e7ocuk demeden katliamlar i\u015flediklerine dikkat \u00e7ekti.<\/p>\n<p>Bakanl\u0131k Kaide \u00d6rg\u00fct\u00fcn\u00fcn Suriye kolu Nusra Cephesi ba\u015fta olmak \u00fczere Suriye&#8217;de sivillerle kar\u015f\u0131 katliamlar i\u015fleyen ter\u00f6r \u00f6rg\u00fctleri ile \u0130srail aras\u0131ndaki ittifak ve i\u015fbirli\u011fine \u0131\u015f\u0131k tutan bakanl\u0131k, Suriye&#8217;nin bu ittifaktan rahats\u0131zl\u0131\u011f\u0131n\u0131 kaydetti. Bu i\u015fbirli\u011finin en son Nusra Cephesinin Kunaytra k\u0131rsal\u0131 Hadar Beldesine y\u00f6nelik b\u00fcy\u00fck sald\u0131r\u0131s\u0131na kar\u015f\u0131 koyulmas\u0131 ard\u0131ndan \u0130srail&#8217;in bu radikal ter\u00f6ristlere destek niteli\u011finde Suriye ordusunun mevkiini bombalamas\u0131yla net bir \u015fekilde ibraz oldu\u011funa vurgu yapan bakanl\u0131k, radikal ter\u00f6ristlerin sald\u0131r\u0131lar\u0131nda Hadar Beldesinden 9 sivil vatanda\u015f\u0131n \u015fehit, bir\u00e7ok vatanda\u015f\u0131n da yaral\u0131 d\u00fc\u015ft\u00fc\u011f\u00fcn\u00fc kaydetti.<\/p>\n<p>Bakanl\u0131k Nusra Cephesi ve \u00f6zellikle de T\u00fcrkiye rejiminin destekleyip y\u00f6nlendirdi\u011fi Nurettin Zenki Hareketi ba\u015fta olmak \u00fczere Nusra ile m\u00fcttefik daha ba\u015fka \u00f6rg\u00fctlerin Halep \u00dcniversitesi \u00d6\u011frenci Kampusunu f\u00fcze ve toplarla hedef ald\u0131klar\u0131na dikkat \u00e7ekti. Bu Kampusta Halep \u00dcniversitesi \u00f6\u011frencilerinin yan\u0131 s\u0131ra ter\u00f6r eylemleri nedeniyle evsiz barks\u0131z kalan sivil ailelerin ikamet ettiklerine belirten bakanl\u0131k, sald\u0131r\u0131da \u00f6\u011frenci ve ailelerden 6 ki\u015finin \u015fehit, 20 ki\u015finin de yaral\u0131 d\u00fc\u015ft\u00fcklerini kaydetti.<\/p>\n<p>Bakanl\u0131k \u0130dlib k\u0131rsal\u0131nda ise Erdo\u011fan ve Al Suud rejimlerinin destekleyip y\u00f6nlendirdikleri \u2018Cey\u015ful \u0130slam\u2019 (Fetih Ordusu) ad\u0131yla bilinen ve saflar\u0131nda \u00e7ok say\u0131da yabanc\u0131 ter\u00f6rist bar\u0131nd\u0131ran ter\u00f6r \u00f6rg\u00fctleri bile\u015fiminin iki y\u0131ldan fazla s\u00fcredir s\u0131k\u0131 ablukaya ald\u0131\u011f\u0131 Fua ve Kefrayya beldelerine de dikkat \u00e7ekti. S\u00f6z konusu bu ter\u00f6r \u00f6rg\u00fctlerin her t\u00fcrl\u00fc t\u0131bbi ve g\u0131da gibi insani yard\u0131mlar\u0131 engelledi\u011fine dikkat \u00e7eken bakanl\u0131k, Suriye\u2019de insani durumlar\u0131n ticaretini yapan kimi devletlerin bu iki beldeyi her daim g\u00f6rmezden geldiklerini ifade etti. Bakanl\u0131k ter\u00f6ristlerin sadece insani yard\u0131mlar\u0131 engellemekle kalmad\u0131klar\u0131n\u0131, g\u00fcn\u00fc birlik olarak da bu iki beldeye f\u00fcze ve keskin ni\u015fanc\u0131 silahlar\u0131yla sald\u0131rd\u0131klar\u0131n\u0131 belirtti.<\/p>\n<p>Vahhabi Suudi Arabistan\u2019\u0131n komutas\u0131 alt\u0131ndaki \u2018Cey\u015ful \u0130slam\u2019 (\u0130slam Ordusu) adl\u0131 radikal ter\u00f6r \u00f6rg\u00fct\u00fcn\u00fcn \u015eam ve k\u0131rsal\u0131nda hastane, okul ve her t\u00fcrl\u00fc hizmet kurumlar\u0131na ilaveten sivil evlere ve vatanda\u015flara sald\u0131r\u0131lar\u0131na da \u0131\u015f\u0131k tutan bakanl\u0131k; bu sald\u0131r\u0131larda kurban giden masum siviller ve hizmet altyap\u0131 kurumlar\u0131nda meydana gelen hasarlara vurgu yapt\u0131.<\/p>\n<p>Bakanl\u0131k T\u00fcrkiye rejimi, Suudi Arabistan, Katar ve daha ba\u015fka devletlerin destekledikleri, ABD, \u0130ngiltere, Fransa gibi devletlerin de g\u00f6z yumup siyasi \u00f6rt\u00fc temin ettikleri bu ter\u00f6r \u00f6rg\u00fctlerin muhtelif b\u00f6lgelerde sivillere y\u00f6nelik vah\u015fetlerinin, adlar\u0131nda farkl\u0131 olmalar\u0131na ra\u011fmen \u00f6zlerinde ayn\u0131 olduklar\u0131n\u0131n kan\u0131t\u0131 oldu\u011funu vurgulad\u0131. Bu ter\u00f6r \u00f6rg\u00fctlerin bir g\u00fcn i\u00e7inde i\u015fledikleri vah\u015fetlerde aralar\u0131nda \u00e7ocuk ve kad\u0131nlar\u0131n bulundu\u011fu 17 masum vatanda\u015f\u0131n \u015fehit, onlarca vatanda\u015f\u0131n da yaral\u0131 d\u00fc\u015ft\u00fc\u011f\u00fcne dikkat \u00e7eken bakanl\u0131k, bu vah\u015fetin az \u00f6nce belirtilen devletlerin t\u00fcm\u00fc taraf\u0131ndan hi\u00e7bir \u015fekilde umursanmad\u0131\u011f\u0131n\u0131n alt\u0131n\u0131 \u00e7izdi.<\/p>\n<p>Bakanl\u0131k Suriye&#8217;de bu vah\u015fete son verilmesi i\u00e7in s\u00f6z konusu devletlerin bu ter\u00f6r \u00f6rg\u00fctlere desteklerini kesmelerinin ka\u00e7\u0131n\u0131lmaz bir gereklilik oldu\u011funu vurgulad\u0131. Bu ba\u011flamda BM ve G\u00fcvenlik Konseyinden \u00fcstlerine d\u00fc\u015fen g\u00f6rev ve misyonu etkin ve d\u00fcr\u00fcst bir \u015fekilde \u00fcstlenmelerini bir kez daha talep eden bakanl\u0131k; ter\u00f6rle m\u00fccadelede d\u00fcr\u00fcst ve ortak \u00e7abalar\u0131n \u00f6nemine vurgu yapt\u0131.<\/p>\n","protected":false},"excerpt":{"rendered":"<p>\u015eAM \u2013 D\u0131\u015fi\u015fleri ve Gurbet\u00e7iler Bakanl\u0131\u011f\u0131 silahl\u0131 ter\u00f6r \u00f6rg\u00fctlerin Halep\u2019te, Kunaytra k\u0131rsal\u0131 Hadar Beldesi ve daha ba\u015fka b\u00f6lgelerde sivillere y\u00f6nelik vah\u015fi sald\u0131r\u0131lar\u0131n\u0131n Vahhabi Suudi Arabistan, \u0130hvanc\u0131 Erdo\u011fan rejimi ve Katar gibi devletlerin her t\u00fcrl\u00fc deste\u011fi temin ettikleri bu \u00f6rg\u00fctlerin ter\u00f6rist ve radikal y\u00fczlerini net bir \u015fekilde ortaya serdi\u011fine vurgu yapt\u0131. BM genel sekreteri ve G\u00fcvenlik &hellip;<\/p>\n","protected":false},"author":1,"featured_media":78747,"comment_status":"closed","ping_status":"closed","sticky":false,"template":"","format":"standard","meta":{"footnotes":""},"categories":[479,17988,2554,2555,478],"tags":[2621,25179,25178],"class_list":["post-94450","post","type-post","status-publish","format-standard","has-post-thumbnail","","category-haberler-yerel","category-son-haberler","category-suriye-ve-dunya","category-suriye-ve-turkiye","category-yerel","tag-disisleri-ve-gurbetciler-bakanligi","tag-es-iki-resmi-mektubunda","tag-terorle-mucadelede-durust-ve-ortak-cabalarin-onemini-vurguladi"],"_links":{"self":[{"href":"https:\/\/archive.sana.sy\/tr\/index.php?rest_route=\/wp\/v2\/posts\/94450","targetHints":{"allow":["GET"]}}],"collection":[{"href":"https:\/\/archive.sana.sy\/tr\/index.php?rest_route=\/wp\/v2\/posts"}],"about":[{"href":"https:\/\/archive.sana.sy\/tr\/index.php?rest_route=\/wp\/v2\/types\/post"}],"author":[{"embeddable":true,"href":"https:\/\/archive.sana.sy\/tr\/index.php?rest_route=\/wp\/v2\/users\/1"}],"replies":[{"embeddable":true,"href":"https:\/\/archive.sana.sy\/tr\/index.php?rest_route=%2Fwp%2Fv2%2Fcomments&post=94450"}],"version-history":[{"count":0,"href":"https:\/\/archive.sana.sy\/tr\/index.php?rest_route=\/wp\/v2\/posts\/94450\/revisions"}],"wp:featuredmedia":[{"embeddable":true,"href":"https:\/\/archive.sana.sy\/tr\/index.php?rest_route=\/wp\/v2\/media\/78747"}],"wp:attachment":[{"href":"https:\/\/archive.sana.sy\/tr\/index.php?rest_route=%2Fwp%2Fv2%2Fmedia&parent=94450"}],"wp:term":[{"taxonomy":"category","embeddable":true,"href":"https:\/\/archive.sana.sy\/tr\/index.php?rest_route=%2Fwp%2Fv2%2Fcategories&post=94450"},{"taxonomy":"post_tag","embeddable":true,"href":"https:\/\/archive.sana.sy\/tr\/index.php?rest_route=%2Fwp%2Fv2%2Ftags&post=94450"}],"curies":[{"name":"wp","href":"https:\/\/api.w.org\/{rel}","templated":true}]}}